{"id":24283,"date":"2020-05-18T14:21:58","date_gmt":"2020-05-18T17:21:58","guid":{"rendered":"https:\/\/www.portalalerta.com.br\/?p=24283"},"modified":"2020-05-18T14:21:58","modified_gmt":"2020-05-18T17:21:58","slug":"italia-e-espanha-registram-menor-numero-de-mortes-diarias-em-mais-de-2-meses","status":"publish","type":"post","link":"https:\/\/www.portalalerta.com.br\/index.php\/2020\/05\/18\/italia-e-espanha-registram-menor-numero-de-mortes-diarias-em-mais-de-2-meses\/","title":{"rendered":"It\u00e1lia e Espanha registram menor n\u00famero de mortes di\u00e1rias em mais de 2 meses"},"content":{"rendered":"<p style=\"text-align: justify;\">Autoridades de sa\u00fade da It\u00e1lia confirmaram 145 mortes por Covid-19 nas \u00faltimas 24 horas no pa\u00eds neste domingo (17). \u00c9 o menor aumento di\u00e1rio que o pa\u00eds tem no n\u00famero de mortos desde o dia 4 de mar\u00e7o. No total, mais de 31.900 pessoas j\u00e1 morreram na It\u00e1lia. J\u00e1 a Espanha registrou o menor \u00edndice de mortes di\u00e1rias desde 16 de mar\u00e7o. Foram registradas nas \u00faltimas 24 horas 87 \u00f3bitos, com isso, o n\u00famero total de mortes pelo novo coronav\u00edrus superou a marca de 27,6 mil.<!--more--><\/p>\n<p style=\"text-align: justify;\"><img fetchpriority=\"high\" decoding=\"async\" class=\"size-thumbnail wp-image-9394 alignleft\" src=\"https:\/\/www.portalalerta.com.br\/wp-content\/uploads\/2018\/07\/05elab-320x240.jpg\" alt=\"\" width=\"320\" height=\"240\" srcset=\"https:\/\/www.portalalerta.com.br\/wp-content\/uploads\/2018\/07\/05elab-320x240.jpg 320w, https:\/\/www.portalalerta.com.br\/wp-content\/uploads\/2018\/07\/05elab-195x146.jpg 195w, https:\/\/www.portalalerta.com.br\/wp-content\/uploads\/2018\/07\/05elab-50x38.jpg 50w, https:\/\/www.portalalerta.com.br\/wp-content\/uploads\/2018\/07\/05elab-100x75.jpg 100w, https:\/\/www.portalalerta.com.br\/wp-content\/uploads\/2018\/07\/05elab.jpg 400w\" sizes=\"(max-width: 320px) 100vw, 320px\" \/>Amanh\u00e3 (18), a \u00cdtalia ter\u00e1 a abertura de lojas e do com\u00e9rcio. Academias, piscinas, centros esportivos ser\u00e3o reabertos em 25 de maio, enquanto teatros e cinemas poder\u00e3o reabrir a partir de 15 de junho.<\/p>\n<p style=\"text-align: justify;\">A Am\u00e9rica Latina e o Caribe registraram mais de 500 mil de casos da Covid-19 neste domingo (17), segundo balan\u00e7o da ag\u00eancia de not\u00edcias France Presse feito com dados oficiais. O Brasil \u00e9 o pa\u00eds mais afetado, com quase metade dessas infec\u00e7\u00f5es provocadas pelo novo coronav\u00edrus.<\/p>\n<p style=\"text-align: justify;\"><em>Fonte: R\u00e1dio Povo <\/em><\/p>\n<p style=\"text-align: justify;\"><em>Com informa\u00e7\u00f5es: Metro1<\/em><\/p>\n","protected":false},"excerpt":{"rendered":"<p>Autoridades de sa\u00fade da It\u00e1lia confirmaram 145 mortes por Covid-19 nas \u00faltimas 24 horas no pa\u00eds neste domingo (17). \u00c9 o menor aumento di\u00e1rio que o pa\u00eds tem no n\u00famero de mortos desde o dia 4 de mar\u00e7o. No total, mais de 31.900 pessoas j\u00e1 morreram na It\u00e1lia. J\u00e1 a Espanha registrou o menor \u00edndice &hellip;<\/p>\n","protected":false},"author":2,"featured_media":24284,"comment_status":"open","ping_status":"open","sticky":false,"template":"","format":"standard","meta":{"om_disable_all_campaigns":false,"_monsterinsights_skip_tracking":false,"_monsterinsights_sitenote_active":false,"_monsterinsights_sitenote_note":"","_monsterinsights_sitenote_category":0,"footnotes":""},"categories":[70,35,69,19],"tags":[3429,3486,899,719,439,339],"class_list":["post-24283","post","type-post","status-publish","format-standard","has-post-thumbnail","hentry","category-destaques","category-mundo","category-noticias2","category-saude","tag-coronavirus","tag-covid-19","tag-espanha","tag-italia","tag-mortes","tag-mundo"],"aioseo_notices":[],"_links":{"self":[{"href":"https:\/\/www.portalalerta.com.br\/index.php\/wp-json\/wp\/v2\/posts\/24283","targetHints":{"allow":["GET"]}}],"collection":[{"href":"https:\/\/www.portalalerta.com.br\/index.php\/wp-json\/wp\/v2\/posts"}],"about":[{"href":"https:\/\/www.portalalerta.com.br\/index.php\/wp-json\/wp\/v2\/types\/post"}],"author":[{"embeddable":true,"href":"https:\/\/www.portalalerta.com.br\/index.php\/wp-json\/wp\/v2\/users\/2"}],"replies":[{"embeddable":true,"href":"https:\/\/www.portalalerta.com.br\/index.php\/wp-json\/wp\/v2\/comments?post=24283"}],"version-history":[{"count":1,"href":"https:\/\/www.portalalerta.com.br\/index.php\/wp-json\/wp\/v2\/posts\/24283\/revisions"}],"predecessor-version":[{"id":24285,"href":"https:\/\/www.portalalerta.com.br\/index.php\/wp-json\/wp\/v2\/posts\/24283\/revisions\/24285"}],"wp:featuredmedia":[{"embeddable":true,"href":"https:\/\/www.portalalerta.com.br\/index.php\/wp-json\/wp\/v2\/media\/24284"}],"wp:attachment":[{"href":"https:\/\/www.portalalerta.com.br\/index.php\/wp-json\/wp\/v2\/media?parent=24283"}],"wp:term":[{"taxonomy":"category","embeddable":true,"href":"https:\/\/www.portalalerta.com.br\/index.php\/wp-json\/wp\/v2\/categories?post=24283"},{"taxonomy":"post_tag","embeddable":true,"href":"https:\/\/www.portalalerta.com.br\/index.php\/wp-json\/wp\/v2\/tags?post=24283"}],"curies":[{"name":"wp","href":"https:\/\/api.w.org\/{rel}","templated":true}]}}