{"id":24286,"date":"2020-05-18T14:41:42","date_gmt":"2020-05-18T17:41:42","guid":{"rendered":"https:\/\/www.portalalerta.com.br\/?p=24286"},"modified":"2020-05-18T14:41:42","modified_gmt":"2020-05-18T17:41:42","slug":"prefeitura-de-cicero-dantas-ba-realiza-acao-de-desinfeccao-na-sede-e-em-povoados","status":"publish","type":"post","link":"https:\/\/www.portalalerta.com.br\/index.php\/2020\/05\/18\/prefeitura-de-cicero-dantas-ba-realiza-acao-de-desinfeccao-na-sede-e-em-povoados\/","title":{"rendered":"Prefeitura de C\u00edcero Dantas-BA realiza a\u00e7\u00e3o de desinfec\u00e7\u00e3o na sede e em povoados"},"content":{"rendered":"<p style=\"text-align: justify;\">A prefeitura Municipal de C\u00edcero Dantas-BA, atrav\u00e9s da Secretaria Municipal de Sa\u00fade e com o apoio da Guarda Civil Municipal, realizaram a\u00e7\u00f5es de desinfec\u00e7\u00e3o de todos os ve\u00edculos que passaram nas barreiras sanit\u00e1rias instaladas nas entradas principais da cidade.<!--more--><\/p>\n<p><img fetchpriority=\"high\" decoding=\"async\" class=\"size-thumbnail wp-image-4869 aligncenter\" src=\"https:\/\/www.portalalerta.com.br\/wp-content\/uploads\/2018\/02\/Auto-Escola-Nobre-720x181.jpg\" alt=\"\" width=\"720\" height=\"181\" srcset=\"https:\/\/www.portalalerta.com.br\/wp-content\/uploads\/2018\/02\/Auto-Escola-Nobre.jpg 720w, https:\/\/www.portalalerta.com.br\/wp-content\/uploads\/2018\/02\/Auto-Escola-Nobre-260x65.jpg 260w, https:\/\/www.portalalerta.com.br\/wp-content\/uploads\/2018\/02\/Auto-Escola-Nobre-50x13.jpg 50w, https:\/\/www.portalalerta.com.br\/wp-content\/uploads\/2018\/02\/Auto-Escola-Nobre-150x38.jpg 150w\" sizes=\"(max-width: 720px) 100vw, 720px\" \/>Esta \u00e9 mais uma medida da prefeitura que visa prevenir e combater a transmiss\u00e3o do COVID-19 no munic\u00edpio.<\/p>\n<p>Al\u00e9m das barreiras sanit\u00e1rias nas entradas da cidade, a a\u00e7\u00e3o de desinfec\u00e7\u00e3o aconteceu em pra\u00e7as, posto de sa\u00fade e em povoados do munic\u00edpio.\n<\/p>\n<figure id=\"attachment_24287\" aria-describedby=\"caption-attachment-24287\" style=\"width: 500px\" class=\"wp-caption aligncenter\"><img decoding=\"async\" class=\"wp-image-24287 size-full\" src=\"https:\/\/www.portalalerta.com.br\/wp-content\/uploads\/2020\/05\/Desinfec\u00e7\u00e3o-de-ruas-em-C\u00edcero-Dantaas-2020.1.jpg\" alt=\"\" width=\"500\" height=\"350\" srcset=\"https:\/\/www.portalalerta.com.br\/wp-content\/uploads\/2020\/05\/Desinfec\u00e7\u00e3o-de-ruas-em-C\u00edcero-Dantaas-2020.1.jpg 500w, https:\/\/www.portalalerta.com.br\/wp-content\/uploads\/2020\/05\/Desinfec\u00e7\u00e3o-de-ruas-em-C\u00edcero-Dantaas-2020.1-343x240.jpg 343w, https:\/\/www.portalalerta.com.br\/wp-content\/uploads\/2020\/05\/Desinfec\u00e7\u00e3o-de-ruas-em-C\u00edcero-Dantaas-2020.1-209x146.jpg 209w, https:\/\/www.portalalerta.com.br\/wp-content\/uploads\/2020\/05\/Desinfec\u00e7\u00e3o-de-ruas-em-C\u00edcero-Dantaas-2020.1-50x35.jpg 50w, https:\/\/www.portalalerta.com.br\/wp-content\/uploads\/2020\/05\/Desinfec\u00e7\u00e3o-de-ruas-em-C\u00edcero-Dantaas-2020.1-107x75.jpg 107w\" sizes=\"(max-width: 500px) 100vw, 500px\" \/><figcaption id=\"caption-attachment-24287\" class=\"wp-caption-text\">Estabelecimentos comerciais tamb\u00e9m passaram por desinfec\u00e7\u00e3o<\/figcaption><\/figure>\n<p style=\"text-align: justify;\"><em>Fonte: C\u00edcero Dantas Acontece <\/em><\/p>\n","protected":false},"excerpt":{"rendered":"<p>A prefeitura Municipal de C\u00edcero Dantas-BA, atrav\u00e9s da Secretaria Municipal de Sa\u00fade e com o apoio da Guarda Civil Municipal, realizaram a\u00e7\u00f5es de desinfec\u00e7\u00e3o de todos os ve\u00edculos que passaram nas barreiras sanit\u00e1rias instaladas nas entradas principais da cidade.<\/p>\n","protected":false},"author":2,"featured_media":24288,"comment_status":"open","ping_status":"open","sticky":false,"template":"","format":"standard","meta":{"om_disable_all_campaigns":false,"_monsterinsights_skip_tracking":false,"_monsterinsights_sitenote_active":false,"_monsterinsights_sitenote_note":"","_monsterinsights_sitenote_category":0,"footnotes":""},"categories":[4,70,69,21,32,19],"tags":[75,3429,3486,3651,145,61],"class_list":["post-24286","post","type-post","status-publish","format-standard","has-post-thumbnail","hentry","category-cicero-dantas","category-destaques","category-noticias2","category-politica","category-regiao","category-saude","tag-cicero-dantas","tag-coronavirus","tag-covid-19","tag-desinfeccao-de-ruas","tag-prefeitura","tag-saude"],"aioseo_notices":[],"_links":{"self":[{"href":"https:\/\/www.portalalerta.com.br\/index.php\/wp-json\/wp\/v2\/posts\/24286","targetHints":{"allow":["GET"]}}],"collection":[{"href":"https:\/\/www.portalalerta.com.br\/index.php\/wp-json\/wp\/v2\/posts"}],"about":[{"href":"https:\/\/www.portalalerta.com.br\/index.php\/wp-json\/wp\/v2\/types\/post"}],"author":[{"embeddable":true,"href":"https:\/\/www.portalalerta.com.br\/index.php\/wp-json\/wp\/v2\/users\/2"}],"replies":[{"embeddable":true,"href":"https:\/\/www.portalalerta.com.br\/index.php\/wp-json\/wp\/v2\/comments?post=24286"}],"version-history":[{"count":2,"href":"https:\/\/www.portalalerta.com.br\/index.php\/wp-json\/wp\/v2\/posts\/24286\/revisions"}],"predecessor-version":[{"id":24290,"href":"https:\/\/www.portalalerta.com.br\/index.php\/wp-json\/wp\/v2\/posts\/24286\/revisions\/24290"}],"wp:featuredmedia":[{"embeddable":true,"href":"https:\/\/www.portalalerta.com.br\/index.php\/wp-json\/wp\/v2\/media\/24288"}],"wp:attachment":[{"href":"https:\/\/www.portalalerta.com.br\/index.php\/wp-json\/wp\/v2\/media?parent=24286"}],"wp:term":[{"taxonomy":"category","embeddable":true,"href":"https:\/\/www.portalalerta.com.br\/index.php\/wp-json\/wp\/v2\/categories?post=24286"},{"taxonomy":"post_tag","embeddable":true,"href":"https:\/\/www.portalalerta.com.br\/index.php\/wp-json\/wp\/v2\/tags?post=24286"}],"curies":[{"name":"wp","href":"https:\/\/api.w.org\/{rel}","templated":true}]}}