{"id":24291,"date":"2020-05-18T14:57:36","date_gmt":"2020-05-18T17:57:36","guid":{"rendered":"https:\/\/www.portalalerta.com.br\/?p=24291"},"modified":"2020-05-18T14:57:36","modified_gmt":"2020-05-18T17:57:36","slug":"quem-e-eduardo-pazuello-o-general-que-assume-interinamente-o-ministerio-da-saude","status":"publish","type":"post","link":"https:\/\/www.portalalerta.com.br\/index.php\/2020\/05\/18\/quem-e-eduardo-pazuello-o-general-que-assume-interinamente-o-ministerio-da-saude\/","title":{"rendered":"Quem \u00e9 Eduardo Pazuello, o general que assume interinamente o Minist\u00e9rio da Sa\u00fade"},"content":{"rendered":"<p style=\"text-align: justify;\">O general-de-divis\u00e3o Eduardo Pazuello \u00e9 o mais novo militar a chegar ao primeiro escal\u00e3o do governo de\u00a0Jair Bolsonaro\u00a0(sem partido). O militar, que vinha atuando como secret\u00e1rio-executivo do\u00a0Minist\u00e9rio da Sa\u00fade, assumiu interinamente a pasta depois da sa\u00edda do m\u00e9dico oncologista\u00a0Nelson Teich.<!--more--><\/p>\n<p style=\"text-align: justify;\">Assim como Jair Bolsonaro, Pazuello se graduou na Academia Militar das Agulhas Negras, a Aman, em Resende (RJ), como Oficial de Intend\u00eancia \u2014 no Ex\u00e9rcito, \u00e9 o militar especializado em tarefas administrativas ou log\u00edsticas.<\/p>\n<p style=\"text-align: justify;\">O general chegou a Bras\u00edlia no dia 20 de abril, com a miss\u00e3o de coordenar a transi\u00e7\u00e3o entre as gest\u00f5es de Luiz Henrique Mandetta (DEM), que pedira demiss\u00e3o dias antes, e Nelson Teich.<\/p>\n<p style=\"text-align: justify;\">Pazuello \u00e9 o nono ministro de origem militar no governo Bolsonaro \u2014 pessoas com origem na caserna j\u00e1 ocupam agora quase metade dos 22 postos do primeiro escal\u00e3o do governo.<\/p>\n<p style=\"text-align: justify;\">Diferentemente de outros integrantes militares da equipe de Bolsonaro, por\u00e9m, Pazuello \u00e9 um militar da ativa. Antes de vir para Bras\u00edlia, o general de tr\u00eas estrelas comandava a 12\u00aa Regi\u00e3o Militar da Amaz\u00f4nia, em Manaus (AM).<\/p>\n<p style=\"text-align: justify;\">O novo comandante da sa\u00fade \u00e9 natural do Rio de Janeiro, Estado onde Jair Bolsonaro fez sua carreira pol\u00edtica. No Estado, comandou um batalh\u00e3o de paraquedistas e foi diretor do Dep\u00f3sito Central de Muni\u00e7\u00e3o.<\/p>\n<p style=\"text-align: justify;\">Pazuello chegou ao posto de general em 2014 \u2014 e uma de suas primeiras tarefas neste posto foi como coordenador log\u00edstico das tropas do Ex\u00e9rcito que deram apoio \u00e0 realiza\u00e7\u00e3o dos Jogos Ol\u00edmpicos de 2016, no Rio de Janeiro.<\/p>\n<p style=\"text-align: justify;\"><img fetchpriority=\"high\" decoding=\"async\" class=\"size-thumbnail wp-image-23589 aligncenter\" src=\"https:\/\/www.portalalerta.com.br\/wp-content\/uploads\/2020\/04\/real-acordo-720x93.jpg\" alt=\"\" width=\"720\" height=\"93\" \/>O militar tamb\u00e9m comandou a Opera\u00e7\u00e3o Acolhida, que \u00e9 o trabalho do Ex\u00e9rcito Brasileiro no atendimento a imigrantes que chegam aos munic\u00edpios de Boa Vista (RR) e Pacaraima (RR).<\/p>\n<p style=\"text-align: justify;\"><strong>&#8216;Ministro montar\u00e1 a equipe e eu sairei&#8217;<\/strong><\/p>\n<p style=\"text-align: justify;\">Quando chegou a Bras\u00edlia, Pazuello dizia que sua miss\u00e3o no minist\u00e9rio era &#8220;tempor\u00e1ria&#8221; \u2014 apenas organizar a transi\u00e7\u00e3o entre Luiz Henrique Mandetta e Nelson Teich.<\/p>\n<p style=\"text-align: justify;\">&#8220;Imagina: no meio da guerra, com o carro rodando, necessita fazer a troca do ministro e ele entra sozinho, tendo de encontrar um monte de gente para trabalhar (&#8230;). Ao final de um per\u00edodo, o ministro estar\u00e1 com todos os nomes que ele escolheu e eu estarei saindo, voltando para a minha tropa&#8221;, disse Pazuello em entrevista ao site da revista Veja, em 21 de abril.<\/p>\n<p style=\"text-align: justify;\">Na mesma entrevista, Pazuello admitiu que n\u00e3o tinha qualquer afinidade com a \u00e1rea m\u00e9dica \u2014 disse que seu conhecimento sobre o assunto \u00e9 de &#8220;leigo&#8221;. Pazuello defendeu, por\u00e9m, que o pa\u00eds tivesse mais cuidado com os dados utilizados no combate \u00e0 pandemia.<\/p>\n<p style=\"text-align: justify;\">&#8220;O meu grau de conhecimento espec\u00edfico, t\u00e9cnico, de m\u00e9dico, \u00e9 leigo. A gente observa que dados precisam ser melhorados, a gente precisa ter n\u00fameros mais fidedignos, com menos risco de manipula\u00e7\u00e3o, para que se definam as estrat\u00e9gias em cima de dados reais. Se voc\u00ea n\u00e3o tiver certeza absoluta dos dados, tudo o que voc\u00ea planejar n\u00e3o tem resultado&#8221;, disse ele.<\/p>\n<p style=\"text-align: justify;\">Desde que chegou ao minist\u00e9rio, Pazuello passou a ser tratado como uma esp\u00e9cie de &#8220;emin\u00eancia parda&#8221; \u2014 mesmo sendo o n\u00famero 2 na hierarquia, era percebido por muitos como tendo mais poder do que o ex-ministro Nelson Teich. Ele, por\u00e9m, negava que fosse este o caso.<\/p>\n<p style=\"text-align: justify;\">Dentro da pasta, vinha cuidando de organizar as compras de equipamentos e insumos feitas pelo Minist\u00e9rio da Sa\u00fade. Era, por isso, procurado com frequ\u00eancia por prefeitos e governadores.<\/p>\n<p style=\"text-align: justify;\"><em>Fonte: Yahoo Not\u00edcias<\/em><\/p>\n","protected":false},"excerpt":{"rendered":"<p>O general-de-divis\u00e3o Eduardo Pazuello \u00e9 o mais novo militar a chegar ao primeiro escal\u00e3o do governo de\u00a0Jair Bolsonaro\u00a0(sem partido). O militar, que vinha atuando como secret\u00e1rio-executivo do\u00a0Minist\u00e9rio da Sa\u00fade, assumiu interinamente a pasta depois da sa\u00edda do m\u00e9dico oncologista\u00a0Nelson Teich.<\/p>\n","protected":false},"author":2,"featured_media":24292,"comment_status":"open","ping_status":"open","sticky":false,"template":"","format":"standard","meta":{"om_disable_all_campaigns":false,"_monsterinsights_skip_tracking":false,"_monsterinsights_sitenote_active":false,"_monsterinsights_sitenote_note":"","_monsterinsights_sitenote_category":0,"footnotes":""},"categories":[34,70,69,21,19],"tags":[93,3661,635,1885],"class_list":["post-24291","post","type-post","status-publish","format-standard","has-post-thumbnail","hentry","category-brasil","category-destaques","category-noticias2","category-politica","category-saude","tag-brasil","tag-eduardo-pazuello","tag-ministerio-da-saude","tag-ministro-da-saude"],"aioseo_notices":[],"_links":{"self":[{"href":"https:\/\/www.portalalerta.com.br\/index.php\/wp-json\/wp\/v2\/posts\/24291","targetHints":{"allow":["GET"]}}],"collection":[{"href":"https:\/\/www.portalalerta.com.br\/index.php\/wp-json\/wp\/v2\/posts"}],"about":[{"href":"https:\/\/www.portalalerta.com.br\/index.php\/wp-json\/wp\/v2\/types\/post"}],"author":[{"embeddable":true,"href":"https:\/\/www.portalalerta.com.br\/index.php\/wp-json\/wp\/v2\/users\/2"}],"replies":[{"embeddable":true,"href":"https:\/\/www.portalalerta.com.br\/index.php\/wp-json\/wp\/v2\/comments?post=24291"}],"version-history":[{"count":1,"href":"https:\/\/www.portalalerta.com.br\/index.php\/wp-json\/wp\/v2\/posts\/24291\/revisions"}],"predecessor-version":[{"id":24293,"href":"https:\/\/www.portalalerta.com.br\/index.php\/wp-json\/wp\/v2\/posts\/24291\/revisions\/24293"}],"wp:featuredmedia":[{"embeddable":true,"href":"https:\/\/www.portalalerta.com.br\/index.php\/wp-json\/wp\/v2\/media\/24292"}],"wp:attachment":[{"href":"https:\/\/www.portalalerta.com.br\/index.php\/wp-json\/wp\/v2\/media?parent=24291"}],"wp:term":[{"taxonomy":"category","embeddable":true,"href":"https:\/\/www.portalalerta.com.br\/index.php\/wp-json\/wp\/v2\/categories?post=24291"},{"taxonomy":"post_tag","embeddable":true,"href":"https:\/\/www.portalalerta.com.br\/index.php\/wp-json\/wp\/v2\/tags?post=24291"}],"curies":[{"name":"wp","href":"https:\/\/api.w.org\/{rel}","templated":true}]}}