{"id":24294,"date":"2020-05-18T15:12:30","date_gmt":"2020-05-18T18:12:30","guid":{"rendered":"https:\/\/www.portalalerta.com.br\/?p=24294"},"modified":"2020-05-18T15:12:30","modified_gmt":"2020-05-18T18:12:30","slug":"em-nota-sindicato-alerta-que-professores-de-ribeira-do-pombal-ba-poderao-ficar-dois-anos-sem-reajuste-salarial-caso-nao-haja-acordo-com-municipio","status":"publish","type":"post","link":"https:\/\/www.portalalerta.com.br\/index.php\/2020\/05\/18\/em-nota-sindicato-alerta-que-professores-de-ribeira-do-pombal-ba-poderao-ficar-dois-anos-sem-reajuste-salarial-caso-nao-haja-acordo-com-municipio\/","title":{"rendered":"Em nota Sindicato alerta que professores de Ribeira do Pombal-BA poder\u00e3o ficar dois anos sem reajuste salarial, caso n\u00e3o haja acordo com munic\u00edpio"},"content":{"rendered":"<p style=\"text-align: justify;\">O Sindicato dos Profissionais de Educa\u00e7\u00e3o da Rede de Ensino do Munic\u00edpio de Ribeira do Pombal-BA (SINPROERP) divulgou uma nota em que afirma que tem feito in\u00fameras tentativas de acordo junto ao Munic\u00edpio, na tentativa de conceder o reajuste salarial \u00e0 categoria, v\u00e1lido desde Janeiro do corrente ano.<!--more--><\/p>\n<p style=\"text-align: justify;\"><img fetchpriority=\"high\" decoding=\"async\" class=\"size-thumbnail wp-image-9394 alignleft\" src=\"https:\/\/www.portalalerta.com.br\/wp-content\/uploads\/2018\/07\/05elab-320x240.jpg\" alt=\"\" width=\"320\" height=\"240\" srcset=\"https:\/\/www.portalalerta.com.br\/wp-content\/uploads\/2018\/07\/05elab-320x240.jpg 320w, https:\/\/www.portalalerta.com.br\/wp-content\/uploads\/2018\/07\/05elab-195x146.jpg 195w, https:\/\/www.portalalerta.com.br\/wp-content\/uploads\/2018\/07\/05elab-50x38.jpg 50w, https:\/\/www.portalalerta.com.br\/wp-content\/uploads\/2018\/07\/05elab-100x75.jpg 100w, https:\/\/www.portalalerta.com.br\/wp-content\/uploads\/2018\/07\/05elab.jpg 400w\" sizes=\"(max-width: 320px) 100vw, 320px\" \/><\/p>\n<p style=\"text-align: justify;\">A nota chama a aten\u00e7\u00e3o para o risco de que, caso n\u00e3o haja reajuste este ano, a classe fique sem o benef\u00edcio por um per\u00edodo de dois anos, tendo em vista que existe um Projeto de Lei prestes a ser sancionado, onde prev\u00ea o congelamento salarial por um per\u00edodo de dezoito meses.<\/p>\n<p style=\"text-align: justify;\">Por fim, o Sindicato afirma que est\u00e1 cobrando e buscando todos os contatos necess\u00e1rios com a gest\u00e3o municipal, na tentativa de resolver a quest\u00e3o. <strong>Confira a nota:<\/strong><\/p>\n<p>&nbsp;<\/p>\n<p>&nbsp;<\/p>\n<p style=\"text-align: justify;\"><em><img decoding=\"async\" class=\"aligncenter wp-image-24295 size-full\" src=\"https:\/\/www.portalalerta.com.br\/wp-content\/uploads\/2020\/05\/Nota-Sinproerp-2020.2.jpeg\" alt=\"\" width=\"720\" height=\"721\" srcset=\"https:\/\/www.portalalerta.com.br\/wp-content\/uploads\/2020\/05\/Nota-Sinproerp-2020.2.jpeg 720w, https:\/\/www.portalalerta.com.br\/wp-content\/uploads\/2020\/05\/Nota-Sinproerp-2020.2-240x240.jpeg 240w, https:\/\/www.portalalerta.com.br\/wp-content\/uploads\/2020\/05\/Nota-Sinproerp-2020.2-146x146.jpeg 146w, https:\/\/www.portalalerta.com.br\/wp-content\/uploads\/2020\/05\/Nota-Sinproerp-2020.2-50x50.jpeg 50w, https:\/\/www.portalalerta.com.br\/wp-content\/uploads\/2020\/05\/Nota-Sinproerp-2020.2-75x75.jpeg 75w, https:\/\/www.portalalerta.com.br\/wp-content\/uploads\/2020\/05\/Nota-Sinproerp-2020.2-85x85.jpeg 85w, https:\/\/www.portalalerta.com.br\/wp-content\/uploads\/2020\/05\/Nota-Sinproerp-2020.2-80x80.jpeg 80w\" sizes=\"(max-width: 720px) 100vw, 720px\" \/>Reda\u00e7\u00e3o: Portal Alerta \u00a0<\/em><\/p>\n<p style=\"text-align: justify;\"><strong><em>#fiqueemcasa<\/em><\/strong><\/p>\n","protected":false},"excerpt":{"rendered":"<p>O Sindicato dos Profissionais de Educa\u00e7\u00e3o da Rede de Ensino do Munic\u00edpio de Ribeira do Pombal-BA (SINPROERP) divulgou uma nota em que afirma que tem feito in\u00fameras tentativas de acordo junto ao Munic\u00edpio, na tentativa de conceder o reajuste salarial \u00e0 categoria, v\u00e1lido desde Janeiro do corrente ano.<\/p>\n","protected":false},"author":2,"featured_media":24297,"comment_status":"open","ping_status":"open","sticky":false,"template":"","format":"standard","meta":{"om_disable_all_campaigns":false,"_monsterinsights_skip_tracking":false,"_monsterinsights_sitenote_active":false,"_monsterinsights_sitenote_note":"","_monsterinsights_sitenote_category":0,"footnotes":""},"categories":[70,20,69,21,32,3],"tags":[140,199,2197,47,715,1511],"class_list":["post-24294","post","type-post","status-publish","format-standard","has-post-thumbnail","hentry","category-destaques","category-educacao","category-noticias2","category-politica","category-regiao","category-ribeira-do-pombal","tag-educacao","tag-politica","tag-reajuste-salarial","tag-ribeira-do-pombal","tag-sindicato","tag-sinproerp"],"aioseo_notices":[],"_links":{"self":[{"href":"https:\/\/www.portalalerta.com.br\/index.php\/wp-json\/wp\/v2\/posts\/24294","targetHints":{"allow":["GET"]}}],"collection":[{"href":"https:\/\/www.portalalerta.com.br\/index.php\/wp-json\/wp\/v2\/posts"}],"about":[{"href":"https:\/\/www.portalalerta.com.br\/index.php\/wp-json\/wp\/v2\/types\/post"}],"author":[{"embeddable":true,"href":"https:\/\/www.portalalerta.com.br\/index.php\/wp-json\/wp\/v2\/users\/2"}],"replies":[{"embeddable":true,"href":"https:\/\/www.portalalerta.com.br\/index.php\/wp-json\/wp\/v2\/comments?post=24294"}],"version-history":[{"count":1,"href":"https:\/\/www.portalalerta.com.br\/index.php\/wp-json\/wp\/v2\/posts\/24294\/revisions"}],"predecessor-version":[{"id":24298,"href":"https:\/\/www.portalalerta.com.br\/index.php\/wp-json\/wp\/v2\/posts\/24294\/revisions\/24298"}],"wp:featuredmedia":[{"embeddable":true,"href":"https:\/\/www.portalalerta.com.br\/index.php\/wp-json\/wp\/v2\/media\/24297"}],"wp:attachment":[{"href":"https:\/\/www.portalalerta.com.br\/index.php\/wp-json\/wp\/v2\/media?parent=24294"}],"wp:term":[{"taxonomy":"category","embeddable":true,"href":"https:\/\/www.portalalerta.com.br\/index.php\/wp-json\/wp\/v2\/categories?post=24294"},{"taxonomy":"post_tag","embeddable":true,"href":"https:\/\/www.portalalerta.com.br\/index.php\/wp-json\/wp\/v2\/tags?post=24294"}],"curies":[{"name":"wp","href":"https:\/\/api.w.org\/{rel}","templated":true}]}}