{"id":24304,"date":"2020-05-18T22:10:27","date_gmt":"2020-05-19T01:10:27","guid":{"rendered":"https:\/\/www.portalalerta.com.br\/?p=24304"},"modified":"2020-05-18T22:10:27","modified_gmt":"2020-05-19T01:10:27","slug":"governo-concede-registro-para-cubanos-reintegrarem-o-mais-medico","status":"publish","type":"post","link":"https:\/\/www.portalalerta.com.br\/index.php\/2020\/05\/18\/governo-concede-registro-para-cubanos-reintegrarem-o-mais-medico\/","title":{"rendered":"Governo concede registro para cubanos reintegrarem o Mais M\u00e9dico"},"content":{"rendered":"<p style=\"text-align: justify;\">O Minist\u00e9rio da Sa\u00fade publicou no\u00a0Di\u00e1rio Oficial da Uni\u00e3o\u00a0desta segunda (18) a lista de m\u00e9dicos cubanos que ser\u00e3o reincorporados ao programa Mais M\u00e9dicos.<!--more--><\/p>\n<p style=\"text-align: justify;\"><img fetchpriority=\"high\" decoding=\"async\" class=\"size-thumbnail wp-image-9394 alignleft\" src=\"https:\/\/www.portalalerta.com.br\/wp-content\/uploads\/2018\/07\/05elab-320x240.jpg\" alt=\"\" width=\"320\" height=\"240\" srcset=\"https:\/\/www.portalalerta.com.br\/wp-content\/uploads\/2018\/07\/05elab-320x240.jpg 320w, https:\/\/www.portalalerta.com.br\/wp-content\/uploads\/2018\/07\/05elab-195x146.jpg 195w, https:\/\/www.portalalerta.com.br\/wp-content\/uploads\/2018\/07\/05elab-50x38.jpg 50w, https:\/\/www.portalalerta.com.br\/wp-content\/uploads\/2018\/07\/05elab-100x75.jpg 100w, https:\/\/www.portalalerta.com.br\/wp-content\/uploads\/2018\/07\/05elab.jpg 400w\" sizes=\"(max-width: 320px) 100vw, 320px\" \/>De acordo com a Portaria n\u00ba 31, por meio da Secretaria de Aten\u00e7\u00e3o Prim\u00e1ria \u00e0 Sa\u00fade ser\u00e1 concedido registro \u00fanico para o exerc\u00edcio da medicina, no \u00e2mbito do projeto, aos m\u00e9dicos cubanos \u201creincorporados em 1\u00aa chamada do Edital n\u00ba 9 de 26 de mar\u00e7o de 2020\u201d.<\/p>\n<p style=\"text-align: justify;\">Em mar\u00e7o, o Minist\u00e9rio da Sa\u00fade informou que 7.167 m\u00e9dicos j\u00e1 haviam se inscrito no edital do Mais M\u00e9dico aberto para refor\u00e7ar as equipes de sa\u00fade em fun\u00e7\u00e3o da epidemia do\u00a0novo coronav\u00edrus\u00a0(Covid-19). A previs\u00e3o anunciada foi de que at\u00e9 cinco chamadas seriam feitas, sendo que m\u00e9dicos cubanos poder\u00e3o ser convocados ap\u00f3s a 3\u00aa chamada.<\/p>\n<p style=\"text-align: justify;\">A pasta havia estimado um total de R$ 1,4 bilh\u00e3o em investimentos, e que esses profissionais poder\u00e3o atuar em mais de uma unidade de sa\u00fade, o que dever\u00e1 ser organizado pelas respectivas secretarias de sa\u00fade.<\/p>\n<p style=\"text-align: justify;\"><em>Fonte: Canabrava FM<\/em><\/p>\n<p style=\"text-align: justify;\"><em>Com informa\u00e7\u00f5es: Agencia Brasil<\/em><\/p>\n","protected":false},"excerpt":{"rendered":"<p>O Minist\u00e9rio da Sa\u00fade publicou no\u00a0Di\u00e1rio Oficial da Uni\u00e3o\u00a0desta segunda (18) a lista de m\u00e9dicos cubanos que ser\u00e3o reincorporados ao programa Mais M\u00e9dicos.<\/p>\n","protected":false},"author":2,"featured_media":24305,"comment_status":"open","ping_status":"open","sticky":false,"template":"","format":"standard","meta":{"om_disable_all_campaigns":false,"_monsterinsights_skip_tracking":false,"_monsterinsights_sitenote_active":false,"_monsterinsights_sitenote_note":"","_monsterinsights_sitenote_category":0,"footnotes":""},"categories":[34,70,69,19],"tags":[93,1775,2474,61],"class_list":["post-24304","post","type-post","status-publish","format-standard","has-post-thumbnail","hentry","category-brasil","category-destaques","category-noticias2","category-saude","tag-brasil","tag-mais-medicos","tag-medicos-cubanos","tag-saude"],"aioseo_notices":[],"_links":{"self":[{"href":"https:\/\/www.portalalerta.com.br\/index.php\/wp-json\/wp\/v2\/posts\/24304","targetHints":{"allow":["GET"]}}],"collection":[{"href":"https:\/\/www.portalalerta.com.br\/index.php\/wp-json\/wp\/v2\/posts"}],"about":[{"href":"https:\/\/www.portalalerta.com.br\/index.php\/wp-json\/wp\/v2\/types\/post"}],"author":[{"embeddable":true,"href":"https:\/\/www.portalalerta.com.br\/index.php\/wp-json\/wp\/v2\/users\/2"}],"replies":[{"embeddable":true,"href":"https:\/\/www.portalalerta.com.br\/index.php\/wp-json\/wp\/v2\/comments?post=24304"}],"version-history":[{"count":1,"href":"https:\/\/www.portalalerta.com.br\/index.php\/wp-json\/wp\/v2\/posts\/24304\/revisions"}],"predecessor-version":[{"id":24306,"href":"https:\/\/www.portalalerta.com.br\/index.php\/wp-json\/wp\/v2\/posts\/24304\/revisions\/24306"}],"wp:featuredmedia":[{"embeddable":true,"href":"https:\/\/www.portalalerta.com.br\/index.php\/wp-json\/wp\/v2\/media\/24305"}],"wp:attachment":[{"href":"https:\/\/www.portalalerta.com.br\/index.php\/wp-json\/wp\/v2\/media?parent=24304"}],"wp:term":[{"taxonomy":"category","embeddable":true,"href":"https:\/\/www.portalalerta.com.br\/index.php\/wp-json\/wp\/v2\/categories?post=24304"},{"taxonomy":"post_tag","embeddable":true,"href":"https:\/\/www.portalalerta.com.br\/index.php\/wp-json\/wp\/v2\/tags?post=24304"}],"curies":[{"name":"wp","href":"https:\/\/api.w.org\/{rel}","templated":true}]}}