{"id":24312,"date":"2020-05-19T10:58:06","date_gmt":"2020-05-19T13:58:06","guid":{"rendered":"https:\/\/www.portalalerta.com.br\/?p=24312"},"modified":"2020-05-19T10:58:06","modified_gmt":"2020-05-19T13:58:06","slug":"jeremoabo-ba-confirma-primeiro-caso-de-contaminacao-pelo-novo-coronavirus","status":"publish","type":"post","link":"https:\/\/www.portalalerta.com.br\/index.php\/2020\/05\/19\/jeremoabo-ba-confirma-primeiro-caso-de-contaminacao-pelo-novo-coronavirus\/","title":{"rendered":"Jeremoabo-BA confirma primeiro caso de contamina\u00e7\u00e3o pelo novo coronav\u00edrus"},"content":{"rendered":"<p style=\"text-align: justify;\">O munic\u00edpio de Jeremoabo, no sert\u00e3o baiano, anunciou, no \u00faltimo s\u00e1bado (16), seu primeiro caso confirmado de contamina\u00e7\u00e3o pelo novo coronav\u00edrus. Conforme informa\u00e7\u00f5es da prefeitura, trata-se de um caso importado, visto que o paciente retornou recentemente de Aracaju-SE.<!--more--><\/p>\n<p><img fetchpriority=\"high\" decoding=\"async\" class=\"size-thumbnail wp-image-9394 alignleft\" src=\"https:\/\/www.portalalerta.com.br\/wp-content\/uploads\/2018\/07\/05elab-320x240.jpg\" alt=\"\" width=\"320\" height=\"240\" srcset=\"https:\/\/www.portalalerta.com.br\/wp-content\/uploads\/2018\/07\/05elab-320x240.jpg 320w, https:\/\/www.portalalerta.com.br\/wp-content\/uploads\/2018\/07\/05elab-195x146.jpg 195w, https:\/\/www.portalalerta.com.br\/wp-content\/uploads\/2018\/07\/05elab-50x38.jpg 50w, https:\/\/www.portalalerta.com.br\/wp-content\/uploads\/2018\/07\/05elab-100x75.jpg 100w, https:\/\/www.portalalerta.com.br\/wp-content\/uploads\/2018\/07\/05elab.jpg 400w\" sizes=\"(max-width: 320px) 100vw, 320px\" \/>O contaminado retornou \u00e0 Jeremoabo na \u00faltima quinta-feira (14), quando recebeu alta no Hospital de Urg\u00eancias de Sergipe (HUSE) ap\u00f3s tratamento contra um c\u00e2ncer. Desde ent\u00e3o, o paciente encontra-se em isolamento domiciliar, junto \u00e0 sua fam\u00edlia. O caso n\u00e3o foi registrado no \u00faltimo boletim da Secretaria Estadual de Sa\u00fade (Sesab), divulgado nesta segunda (18).<\/p>\n<p>A prefeitura de Jeremoabo tamb\u00e9m se preocupa com um caso suspeito da doen\u00e7a. Uma profissional de sa\u00fade do munic\u00edpio apresentou sintomas leves semelhantes aos da Covid-19, tendo sido afastada do trabalho at\u00e9 que saia o resultado do exame encaminhado ao Laborat\u00f3rio Central de Sa\u00fade P\u00fablica da Bahia (Lacen).<\/p>\n<p>Outros profissionais de sa\u00fade que tiveram contato com o caso suspeito tamb\u00e9m foram afastados, com orienta\u00e7\u00e3o de manter o isolamento domiciliar at\u00e9 que o resultado do exame seja revelado. O posto em que trabalhavam passou por um processo de desinfec\u00e7\u00e3o neste domingo e ficar\u00e1 temporariamente fechado, aguardando o teste do Lacen.<\/p>\n<p style=\"text-align: justify;\"><em>Fonte: Cleriston Silva<\/em><\/p>\n","protected":false},"excerpt":{"rendered":"<p>O munic\u00edpio de Jeremoabo, no sert\u00e3o baiano, anunciou, no \u00faltimo s\u00e1bado (16), seu primeiro caso confirmado de contamina\u00e7\u00e3o pelo novo coronav\u00edrus. Conforme informa\u00e7\u00f5es da prefeitura, trata-se de um caso importado, visto que o paciente retornou recentemente de Aracaju-SE.<\/p>\n","protected":false},"author":2,"featured_media":24084,"comment_status":"open","ping_status":"open","sticky":false,"template":"","format":"standard","meta":{"om_disable_all_campaigns":false,"_monsterinsights_skip_tracking":false,"_monsterinsights_sitenote_active":false,"_monsterinsights_sitenote_note":"","_monsterinsights_sitenote_category":0,"footnotes":""},"categories":[70,9,69,32,19],"tags":[487,3429,3486,230,61],"class_list":["post-24312","post","type-post","status-publish","format-standard","has-post-thumbnail","hentry","category-destaques","category-jeremoabo","category-noticias2","category-regiao","category-saude","tag-aracaju","tag-coronavirus","tag-covid-19","tag-jeremoabo","tag-saude"],"aioseo_notices":[],"_links":{"self":[{"href":"https:\/\/www.portalalerta.com.br\/index.php\/wp-json\/wp\/v2\/posts\/24312","targetHints":{"allow":["GET"]}}],"collection":[{"href":"https:\/\/www.portalalerta.com.br\/index.php\/wp-json\/wp\/v2\/posts"}],"about":[{"href":"https:\/\/www.portalalerta.com.br\/index.php\/wp-json\/wp\/v2\/types\/post"}],"author":[{"embeddable":true,"href":"https:\/\/www.portalalerta.com.br\/index.php\/wp-json\/wp\/v2\/users\/2"}],"replies":[{"embeddable":true,"href":"https:\/\/www.portalalerta.com.br\/index.php\/wp-json\/wp\/v2\/comments?post=24312"}],"version-history":[{"count":1,"href":"https:\/\/www.portalalerta.com.br\/index.php\/wp-json\/wp\/v2\/posts\/24312\/revisions"}],"predecessor-version":[{"id":24313,"href":"https:\/\/www.portalalerta.com.br\/index.php\/wp-json\/wp\/v2\/posts\/24312\/revisions\/24313"}],"wp:featuredmedia":[{"embeddable":true,"href":"https:\/\/www.portalalerta.com.br\/index.php\/wp-json\/wp\/v2\/media\/24084"}],"wp:attachment":[{"href":"https:\/\/www.portalalerta.com.br\/index.php\/wp-json\/wp\/v2\/media?parent=24312"}],"wp:term":[{"taxonomy":"category","embeddable":true,"href":"https:\/\/www.portalalerta.com.br\/index.php\/wp-json\/wp\/v2\/categories?post=24312"},{"taxonomy":"post_tag","embeddable":true,"href":"https:\/\/www.portalalerta.com.br\/index.php\/wp-json\/wp\/v2\/tags?post=24312"}],"curies":[{"name":"wp","href":"https:\/\/api.w.org\/{rel}","templated":true}]}}