{"id":24317,"date":"2020-05-19T11:27:27","date_gmt":"2020-05-19T14:27:27","guid":{"rendered":"https:\/\/www.portalalerta.com.br\/?p=24317"},"modified":"2020-05-19T11:27:27","modified_gmt":"2020-05-19T14:27:27","slug":"carro-roubado-em-salvador-e-recuperado-pela-prf-em-ribeira-do-pombal-ba","status":"publish","type":"post","link":"https:\/\/www.portalalerta.com.br\/index.php\/2020\/05\/19\/carro-roubado-em-salvador-e-recuperado-pela-prf-em-ribeira-do-pombal-ba\/","title":{"rendered":"Carro roubado em Salvador \u00e9 recuperado pela PRF em Ribeira do Pombal-BA"},"content":{"rendered":"<p style=\"text-align: justify;\">Agentes da Pol\u00edcia Rodovi\u00e1ria Federal (PRF) recuperaram, na \u00faltima sexta-feira (15), um ve\u00edculo roubado em 2019 na capital baiana. A a\u00e7\u00e3o aconteceu durante uma abordagem, no Km 170 da BR-110, trecho de Ribeira do Pombal-BA.<!--more--><\/p>\n<p style=\"text-align: justify;\"><img fetchpriority=\"high\" decoding=\"async\" class=\"size-thumbnail wp-image-23589 aligncenter\" src=\"https:\/\/www.portalalerta.com.br\/wp-content\/uploads\/2020\/04\/real-acordo-720x93.jpg\" alt=\"\" width=\"720\" height=\"93\" \/>Durante fiscaliza\u00e7\u00e3o no ve\u00edculo, ocupado por quatro homens, os agentes federais notaram ind\u00edcios de que o Certificado de Registro e Licenciamento de Ve\u00edculo (CRLV) e no Certificado de Registro de Ve\u00edculo (CRV) apresentados pelo condutor eram falsos.<\/p>\n<p style=\"text-align: justify;\">Al\u00e9m disso, foi constatado que os elementos de identifica\u00e7\u00e3o do carro foram alterados. As placas utilizadas eram clonadas de um ve\u00edculo semelhante. A equipe policial encontrou ainda 15 gramas de subst\u00e2ncia an\u00e1loga a maconha em posse de um dos passageiros para consumo pr\u00f3prio. Os envolvidos foram encaminhados \u00e0 delegacia de pol\u00edcia judici\u00e1ria local para a ado\u00e7\u00e3o das medidas cab\u00edveis.<\/p>\n<p style=\"text-align: justify;\"><em>Fonte: Itapicuru Not\u00edcias<\/em><\/p>\n","protected":false},"excerpt":{"rendered":"<p>Agentes da Pol\u00edcia Rodovi\u00e1ria Federal (PRF) recuperaram, na \u00faltima sexta-feira (15), um ve\u00edculo roubado em 2019 na capital baiana. A a\u00e7\u00e3o aconteceu durante uma abordagem, no Km 170 da BR-110, trecho de Ribeira do Pombal-BA.<\/p>\n","protected":false},"author":2,"featured_media":24318,"comment_status":"open","ping_status":"open","sticky":false,"template":"","format":"standard","meta":{"om_disable_all_campaigns":false,"_monsterinsights_skip_tracking":false,"_monsterinsights_sitenote_active":false,"_monsterinsights_sitenote_note":"","_monsterinsights_sitenote_category":0,"footnotes":""},"categories":[33,70,69,32,3,22],"tags":[54,149,47,367,330,102],"class_list":["post-24317","post","type-post","status-publish","format-standard","has-post-thumbnail","hentry","category-bahia","category-destaques","category-noticias2","category-regiao","category-ribeira-do-pombal","category-seguranca","tag-bahia","tag-prf","tag-ribeira-do-pombal","tag-roubo","tag-salvador","tag-veiculo-recuperado"],"aioseo_notices":[],"_links":{"self":[{"href":"https:\/\/www.portalalerta.com.br\/index.php\/wp-json\/wp\/v2\/posts\/24317","targetHints":{"allow":["GET"]}}],"collection":[{"href":"https:\/\/www.portalalerta.com.br\/index.php\/wp-json\/wp\/v2\/posts"}],"about":[{"href":"https:\/\/www.portalalerta.com.br\/index.php\/wp-json\/wp\/v2\/types\/post"}],"author":[{"embeddable":true,"href":"https:\/\/www.portalalerta.com.br\/index.php\/wp-json\/wp\/v2\/users\/2"}],"replies":[{"embeddable":true,"href":"https:\/\/www.portalalerta.com.br\/index.php\/wp-json\/wp\/v2\/comments?post=24317"}],"version-history":[{"count":1,"href":"https:\/\/www.portalalerta.com.br\/index.php\/wp-json\/wp\/v2\/posts\/24317\/revisions"}],"predecessor-version":[{"id":24319,"href":"https:\/\/www.portalalerta.com.br\/index.php\/wp-json\/wp\/v2\/posts\/24317\/revisions\/24319"}],"wp:featuredmedia":[{"embeddable":true,"href":"https:\/\/www.portalalerta.com.br\/index.php\/wp-json\/wp\/v2\/media\/24318"}],"wp:attachment":[{"href":"https:\/\/www.portalalerta.com.br\/index.php\/wp-json\/wp\/v2\/media?parent=24317"}],"wp:term":[{"taxonomy":"category","embeddable":true,"href":"https:\/\/www.portalalerta.com.br\/index.php\/wp-json\/wp\/v2\/categories?post=24317"},{"taxonomy":"post_tag","embeddable":true,"href":"https:\/\/www.portalalerta.com.br\/index.php\/wp-json\/wp\/v2\/tags?post=24317"}],"curies":[{"name":"wp","href":"https:\/\/api.w.org\/{rel}","templated":true}]}}