{"id":24320,"date":"2020-05-19T14:23:13","date_gmt":"2020-05-19T17:23:13","guid":{"rendered":"https:\/\/www.portalalerta.com.br\/?p=24320"},"modified":"2020-05-19T14:23:13","modified_gmt":"2020-05-19T17:23:13","slug":"apos-pedido-de-flavio-bolsonaro-procuradoria-investigara-supernotificacao-de-mortes-por-covid-19-em-sp","status":"publish","type":"post","link":"https:\/\/www.portalalerta.com.br\/index.php\/2020\/05\/19\/apos-pedido-de-flavio-bolsonaro-procuradoria-investigara-supernotificacao-de-mortes-por-covid-19-em-sp\/","title":{"rendered":"Ap\u00f3s pedido de Fl\u00e1vio Bolsonaro, procuradoria investigar\u00e1 &#8220;supernotifica\u00e7\u00e3o&#8221; de mortes por Covid-19 em SP"},"content":{"rendered":"<p style=\"text-align: justify;\">O conflito entre\u00a0Jair Bolsonaro\u00a0(sem partido) e governadores estaduais \u00e9 uma novela sem fim durante a\u00a0pandemia do novo coronav\u00edrus\u00a0no Brasil. Um novo cap\u00edtulo dessa trama \u00e9 protagonizado pelo senador\u00a0Fl\u00e1vio Bolsonaro\u00a0(Republicanos-RJ), filho do presidente, que pediu ao MPF (Minist\u00e9rio P\u00fablico Federal) uma investiga\u00e7\u00e3o para apurar as mortes por Covid-19 em S\u00e3o Paulo. As informa\u00e7\u00f5es s\u00e3o do UOL.<!--more--><\/p>\n<p style=\"text-align: justify;\">Segundo a representa\u00e7\u00e3o feita pelo senador e entregue \u00e0 Procuradoria, h\u00e1 uma \u201csupernotifica\u00e7\u00e3o\u201d de mortes por coronav\u00edrus no Estado.<\/p>\n<p style=\"text-align: justify;\">De acordo com o \u00faltimo boletim oficial divulgado pelo Minist\u00e9rio da Sa\u00fade nesta segunda-feira (18), S\u00e3o Paulo registra 4.823 \u00f3bitos e 63.066 casos confirmados.<\/p>\n<p style=\"text-align: justify;\">Caso fosse um pa\u00eds, S\u00e3o Paulo j\u00e1 seria o d\u00e9cimo no ranking de mortes por Covid-19, superando inclusive a China, primeiro epicentro da pandemia no mundo.<\/p>\n<p style=\"text-align: justify;\"><img fetchpriority=\"high\" decoding=\"async\" class=\"size-thumbnail wp-image-9394 alignleft\" src=\"https:\/\/www.portalalerta.com.br\/wp-content\/uploads\/2018\/07\/05elab-320x240.jpg\" alt=\"\" width=\"320\" height=\"240\" srcset=\"https:\/\/www.portalalerta.com.br\/wp-content\/uploads\/2018\/07\/05elab-320x240.jpg 320w, https:\/\/www.portalalerta.com.br\/wp-content\/uploads\/2018\/07\/05elab-195x146.jpg 195w, https:\/\/www.portalalerta.com.br\/wp-content\/uploads\/2018\/07\/05elab-50x38.jpg 50w, https:\/\/www.portalalerta.com.br\/wp-content\/uploads\/2018\/07\/05elab-100x75.jpg 100w, https:\/\/www.portalalerta.com.br\/wp-content\/uploads\/2018\/07\/05elab.jpg 400w\" sizes=\"(max-width: 320px) 100vw, 320px\" \/>Ainda conforme o UOL, em seu pedido, Flavio Bolsonaro alega que m\u00e9dicos que atuam nas ambul\u00e2ncias paulistas est\u00e3o registrando a Covid-19 como causa de morte, ainda que sem a realiza\u00e7\u00e3o do teste. Segundo o parlamentar, a recomenda\u00e7\u00e3o seria das gest\u00f5es do governador Jo\u00e3o Doria e do prefeito Bruno Covas, ambos do PSDB.<\/p>\n<p style=\"text-align: justify;\">O objetivo, argumenta a peti\u00e7\u00e3o, \u00e9 &#8220;manipular os dados para desgastar politicamente o presidente e as suas orienta\u00e7\u00f5es frente ao combate ao coronav\u00edrus&#8221;.<\/p>\n<p style=\"text-align: justify;\">Jair Bolsonaro tem constantemente minimizado a gravidade da pandemia que, ainda segundo o Minist\u00e9rio da Sa\u00fade, j\u00e1 matou mais de 16,8 mil pessoas no Brasil, que j\u00e1 \u00e9 o terceiro pa\u00eds com mais casos em todo o planeta, atr\u00e1s apenas dos EUA e do Reino Unido.<\/p>\n<p style=\"text-align: justify;\">O presidente tamb\u00e9m tem se mostrado contra o isolamento social, uma das \u00fanicas medidas defendidas pela OMS (Organiza\u00e7\u00e3o Mundial da Sa\u00fade) para minimizar a r\u00e1pida propaga\u00e7\u00e3o do novo coronav\u00edrus.<\/p>\n<p style=\"text-align: justify;\">A condu\u00e7\u00e3o da crise do governo Bolsonaro tem sido alvo de cr\u00edticas at\u00e9 de ve\u00edculos da imprensa internacional. Dois ministros da sa\u00fade (Luiz Henrique Mandetta e Nelson Teich) deixaram o cargo em dois meses ap\u00f3s conflitos com o presidente.<\/p>\n<p style=\"text-align: justify;\"><strong>O que dizem os envolvidos<\/strong><\/p>\n<p style=\"text-align: justify;\">De acordo com o UOL, a subprocuradora-geral da Rep\u00fablica, Lind\u00f4ra Maria Ara\u00fajo, afirma que &#8220;os fatos narrados s\u00e3o extremamente graves e devem ser apurados em raz\u00e3o da poss\u00edvel repercuss\u00e3o constitucional e criminal que envolvem&#8221;. A subprocuradora cobrou explica\u00e7\u00f5es do governador\u00a0Jo\u00e3o Doria\u00a0(PSDB) e do prefeito Bruno Covas (PSDB).<\/p>\n<p style=\"text-align: justify;\">O secret\u00e1rio municipal da Sa\u00fade, Edson Aparecido, nega a acusa\u00e7\u00e3o. Ele diz que todos os registros s\u00e3o feitos apenas depois de exames laboratoriais, com oito equipes realizando a verifica\u00e7\u00e3o dos casos suspeitos de mortes pelo novo coronav\u00edrus.<\/p>\n<p style=\"text-align: justify;\">A secretaria estadual da Sa\u00fade afirma, em nota oficial publicada pelo UOL, &#8220;que a investiga\u00e7\u00e3o do Minist\u00e9rio P\u00fablico Federal surge um dia depois da revela\u00e7\u00e3o de que o senador Fl\u00e1vio Bolsonaro soube com anteced\u00eancia de opera\u00e7\u00e3o da Pol\u00edcia Federal que mirou seu assessor, Fabricio Queiroz&#8221;.<\/p>\n<p style=\"text-align: justify;\">Ainda conforme a nota divulgada, a secretaria diz que prestar\u00e1 todos os esclarecimentos ao MPF por ter seguran\u00e7a de que segue diretrizes da Organiza\u00e7\u00e3o Mundial da Sa\u00fade e de portaria do pr\u00f3prio Minist\u00e9rio da Sa\u00fade.<\/p>\n<p style=\"text-align: justify;\"><em>Fonte: Yahoo Not\u00edcias<\/em><\/p>\n","protected":false},"excerpt":{"rendered":"<p>O conflito entre\u00a0Jair Bolsonaro\u00a0(sem partido) e governadores estaduais \u00e9 uma novela sem fim durante a\u00a0pandemia do novo coronav\u00edrus\u00a0no Brasil. Um novo cap\u00edtulo dessa trama \u00e9 protagonizado pelo senador\u00a0Fl\u00e1vio Bolsonaro\u00a0(Republicanos-RJ), filho do presidente, que pediu ao MPF (Minist\u00e9rio P\u00fablico Federal) uma investiga\u00e7\u00e3o para apurar as mortes por Covid-19 em S\u00e3o Paulo. As informa\u00e7\u00f5es s\u00e3o do UOL.<\/p>\n","protected":false},"author":2,"featured_media":20543,"comment_status":"open","ping_status":"open","sticky":false,"template":"","format":"standard","meta":{"om_disable_all_campaigns":false,"_monsterinsights_skip_tracking":false,"_monsterinsights_sitenote_active":false,"_monsterinsights_sitenote_note":"","_monsterinsights_sitenote_category":0,"footnotes":""},"categories":[34,70,69,21,19],"tags":[93,3429,3486,634,1976,439,411,235,233],"class_list":["post-24320","post","type-post","status-publish","format-standard","has-post-thumbnail","hentry","category-brasil","category-destaques","category-noticias2","category-politica","category-saude","tag-brasil","tag-coronavirus","tag-covid-19","tag-estados","tag-flavio-bolsonaro","tag-mortes","tag-pgr","tag-senado-federal","tag-senador"],"aioseo_notices":[],"_links":{"self":[{"href":"https:\/\/www.portalalerta.com.br\/index.php\/wp-json\/wp\/v2\/posts\/24320","targetHints":{"allow":["GET"]}}],"collection":[{"href":"https:\/\/www.portalalerta.com.br\/index.php\/wp-json\/wp\/v2\/posts"}],"about":[{"href":"https:\/\/www.portalalerta.com.br\/index.php\/wp-json\/wp\/v2\/types\/post"}],"author":[{"embeddable":true,"href":"https:\/\/www.portalalerta.com.br\/index.php\/wp-json\/wp\/v2\/users\/2"}],"replies":[{"embeddable":true,"href":"https:\/\/www.portalalerta.com.br\/index.php\/wp-json\/wp\/v2\/comments?post=24320"}],"version-history":[{"count":1,"href":"https:\/\/www.portalalerta.com.br\/index.php\/wp-json\/wp\/v2\/posts\/24320\/revisions"}],"predecessor-version":[{"id":24321,"href":"https:\/\/www.portalalerta.com.br\/index.php\/wp-json\/wp\/v2\/posts\/24320\/revisions\/24321"}],"wp:featuredmedia":[{"embeddable":true,"href":"https:\/\/www.portalalerta.com.br\/index.php\/wp-json\/wp\/v2\/media\/20543"}],"wp:attachment":[{"href":"https:\/\/www.portalalerta.com.br\/index.php\/wp-json\/wp\/v2\/media?parent=24320"}],"wp:term":[{"taxonomy":"category","embeddable":true,"href":"https:\/\/www.portalalerta.com.br\/index.php\/wp-json\/wp\/v2\/categories?post=24320"},{"taxonomy":"post_tag","embeddable":true,"href":"https:\/\/www.portalalerta.com.br\/index.php\/wp-json\/wp\/v2\/tags?post=24320"}],"curies":[{"name":"wp","href":"https:\/\/api.w.org\/{rel}","templated":true}]}}