{"id":24325,"date":"2020-05-19T14:36:12","date_gmt":"2020-05-19T17:36:12","guid":{"rendered":"https:\/\/www.portalalerta.com.br\/?p=24325"},"modified":"2020-05-19T14:36:12","modified_gmt":"2020-05-19T17:36:12","slug":"coronavirus-em-nota-prefeitura-de-paulo-afonso-ba-diz-que-lacen-alterou-03-resultados-positivos-para-negativos-em-pacientes","status":"publish","type":"post","link":"https:\/\/www.portalalerta.com.br\/index.php\/2020\/05\/19\/coronavirus-em-nota-prefeitura-de-paulo-afonso-ba-diz-que-lacen-alterou-03-resultados-positivos-para-negativos-em-pacientes\/","title":{"rendered":"Coronav\u00edrus: Em nota, prefeitura de Paulo Afonso-BA diz que Lacen alterou 03 resultados positivos para negativos em pacientes"},"content":{"rendered":"<p style=\"text-align: justify;\">A Prefeitura Municipal de Paulo Afonso-BA, atrav\u00e9s de sua secret\u00e1ria de sa\u00fade, vem esclarecer informa\u00e7\u00f5es divulgadas no Boletim Epidemiol\u00f3gico do dia 15\/05\/2020:<!--more--><\/p>\n<p style=\"text-align: justify;\">\u201cInformamos que o laborato\u0301rio LACEN (SALVADOR) detectou em sua base de dados um problema te\u0301cnico referente a 03 resultados (PCR) de pacientes do munici\u0301pio de Paulo Afonso. As amostras em questa\u0303o chegaram a\u0300 base de dados municipal com resultados Positivo\/ Detecta\u0301vel para SARS-CoV-2 (Novo Coronavi\u0301rus), pore\u0301m no dia 16\/05\/2020 o LACEN (SALVADOR) altera esses resultados no sistema para Negativo\/ Na\u0303o Detect\u00e1vel.<\/p>\n<p style=\"text-align: justify;\">Diante desta situac\u0327a\u0303o a equipe te\u0301cnica da Secretaria de Sau\u0301de, solicita de imediato ao laborato\u0301rio do Estado esclarecimentos oficiais sobre o ocorrido, pois o mesmo e\u0301 responsa\u0301vel pela analise e liberac\u0327a\u0303o dos resultados, deste modo aguardamos a justificativa oficial do servic\u0327o.<\/p>\n<p style=\"text-align: justify;\"><img fetchpriority=\"high\" decoding=\"async\" class=\"size-thumbnail wp-image-23589 aligncenter\" src=\"https:\/\/www.portalalerta.com.br\/wp-content\/uploads\/2020\/04\/real-acordo-720x93.jpg\" alt=\"\" width=\"720\" height=\"93\" \/>Em relac\u0327a\u0303o aos pacientes afetados com este equivoco, ja\u0301 foram devidamente avisados e receberam as explicac\u0327o\u0303es referentes a\u0300 real situac\u0327a\u0303o e continuam monitorados ate\u0301 que todos os fatos sejam esclarecidos definitivamente.<\/p>\n<p style=\"text-align: justify;\">Com isso, informamos que o nosso Boletim Epidemiolo\u0301gico de hoje sera\u0301 retificado e atualizado corretamente, e nos colocamos a disposic\u0327a\u0303o da populac\u0327a\u0303o e demais vei\u0301culos interessados para eventuais esclarecimentos. A Prefeitura destaca que mante\u0301m suas equipes trabalhando atentamente no enfrentamento da pandemia COVID-19.<\/p>\n<p style=\"text-align: justify;\">Segundo o Boletim Epidemiol\u00f3gico Covid-19 Bahia desta segunda-feira, dia 18 de maio, divulgado de Secretaria Estadual de Sa\u00fade (Sesab),\u00a0por meio do Laborat\u00f3rio Central de Sa\u00fade P\u00fablica da Bahia (Lacen-BA), Paulo Afonso registrou 12 casos positivos para o novo coronav\u00edrus, por\u00e9m, falta a confirma\u00e7\u00e3o oficial da prefeitura.<\/p>\n<p style=\"text-align: justify;\"><em>Fonte: Ozildo Alves<\/em><\/p>\n","protected":false},"excerpt":{"rendered":"<p>A Prefeitura Municipal de Paulo Afonso-BA, atrav\u00e9s de sua secret\u00e1ria de sa\u00fade, vem esclarecer informa\u00e7\u00f5es divulgadas no Boletim Epidemiol\u00f3gico do dia 15\/05\/2020:<\/p>\n","protected":false},"author":2,"featured_media":22081,"comment_status":"open","ping_status":"open","sticky":false,"template":"","format":"standard","meta":{"om_disable_all_campaigns":false,"_monsterinsights_skip_tracking":false,"_monsterinsights_sitenote_active":false,"_monsterinsights_sitenote_note":"","_monsterinsights_sitenote_category":0,"footnotes":""},"categories":[33,70,69,19],"tags":[54,3429,3486,1827,3597,118,452],"class_list":["post-24325","post","type-post","status-publish","format-standard","has-post-thumbnail","hentry","category-bahia","category-destaques","category-noticias2","category-saude","tag-bahia","tag-coronavirus","tag-covid-19","tag-exames","tag-lacen","tag-paulo-afonso","tag-resultado"],"aioseo_notices":[],"_links":{"self":[{"href":"https:\/\/www.portalalerta.com.br\/index.php\/wp-json\/wp\/v2\/posts\/24325","targetHints":{"allow":["GET"]}}],"collection":[{"href":"https:\/\/www.portalalerta.com.br\/index.php\/wp-json\/wp\/v2\/posts"}],"about":[{"href":"https:\/\/www.portalalerta.com.br\/index.php\/wp-json\/wp\/v2\/types\/post"}],"author":[{"embeddable":true,"href":"https:\/\/www.portalalerta.com.br\/index.php\/wp-json\/wp\/v2\/users\/2"}],"replies":[{"embeddable":true,"href":"https:\/\/www.portalalerta.com.br\/index.php\/wp-json\/wp\/v2\/comments?post=24325"}],"version-history":[{"count":1,"href":"https:\/\/www.portalalerta.com.br\/index.php\/wp-json\/wp\/v2\/posts\/24325\/revisions"}],"predecessor-version":[{"id":24326,"href":"https:\/\/www.portalalerta.com.br\/index.php\/wp-json\/wp\/v2\/posts\/24325\/revisions\/24326"}],"wp:featuredmedia":[{"embeddable":true,"href":"https:\/\/www.portalalerta.com.br\/index.php\/wp-json\/wp\/v2\/media\/22081"}],"wp:attachment":[{"href":"https:\/\/www.portalalerta.com.br\/index.php\/wp-json\/wp\/v2\/media?parent=24325"}],"wp:term":[{"taxonomy":"category","embeddable":true,"href":"https:\/\/www.portalalerta.com.br\/index.php\/wp-json\/wp\/v2\/categories?post=24325"},{"taxonomy":"post_tag","embeddable":true,"href":"https:\/\/www.portalalerta.com.br\/index.php\/wp-json\/wp\/v2\/tags?post=24325"}],"curies":[{"name":"wp","href":"https:\/\/api.w.org\/{rel}","templated":true}]}}