{"id":24335,"date":"2020-05-19T17:06:39","date_gmt":"2020-05-19T20:06:39","guid":{"rendered":"https:\/\/www.portalalerta.com.br\/?p=24335"},"modified":"2020-05-19T17:08:14","modified_gmt":"2020-05-19T20:08:14","slug":"criminoso-apontado-como-chefe-de-faccao-criminosa-morre-em-confronto-com-a-policia-em-itapicuru-ba","status":"publish","type":"post","link":"https:\/\/www.portalalerta.com.br\/index.php\/2020\/05\/19\/criminoso-apontado-como-chefe-de-faccao-criminosa-morre-em-confronto-com-a-policia-em-itapicuru-ba\/","title":{"rendered":"Criminoso apontado como chefe de fac\u00e7\u00e3o criminosa, morre em confronto com a pol\u00edcia em Itapicuru-BA"},"content":{"rendered":"<p style=\"text-align: justify;\">Na noite do \u00faltimo domingo, 17, policiais militares do Pelot\u00e3o de Emprego T\u00e1tico Operacional (PETO), lotados na 6\u00aa CIPM, em a\u00e7\u00e3o conjunta com policiais Militares da CIPE Litoral Norte, se dirigiram at\u00e9 uma resid\u00eancia no munic\u00edpio de Itapicuru-BA, com a finalidade de prenderem um criminoso apontado como chefe de uma fac\u00e7\u00e3o criminosa que atua na regi\u00e3o.<!--more--><\/p>\n<p style=\"text-align: justify;\"><img fetchpriority=\"high\" decoding=\"async\" class=\"size-thumbnail wp-image-23589 aligncenter\" src=\"https:\/\/www.portalalerta.com.br\/wp-content\/uploads\/2020\/04\/real-acordo-720x93.jpg\" alt=\"\" width=\"720\" height=\"93\" \/>Assim que chegaram ao local, os policiais foram surpreendidos por disparos de arma de fogo, dando in\u00edcio a um confronto. Na ocasi\u00e3o, um homem foi encontrado ca\u00eddo ao solo, alvejado pelos disparos, tendo sob a sua posse: 01 arma de fogo, drogas, e diversos produtos que confirmam a pr\u00e1tica de tr\u00e1fico de drogas (sem especifica\u00e7\u00e3o). O rapaz chegou a ser socorrido com vida, para o Hospital local, por\u00e9m n\u00e3o resistiu aos ferimentos e evoluiu a \u00f3bito.<\/p>\n<p style=\"text-align: justify;\">Identificado como <a href=\"https:\/\/www.portalalerta.com.br\/index.php\/2018\/01\/30\/homem-e-flagrado-com-arma-de-fogo-e-drogas-em-itapicuru-ba\/\"><strong>Marcos da Silva Carvalho, \u201cAvatar\u201d<\/strong><\/a> como era conhecido, era rec\u00e9m liberto do sistema prisional, e segundo den\u00fancias, permanecia em pr\u00e1ticas criminosas, sobretudo no tr\u00e1fico de drogas, ao mesmo tempo em que exibia arma de fogo em via p\u00fablica.<\/p>\n<figure id=\"attachment_4295\" aria-describedby=\"caption-attachment-4295\" style=\"width: 500px\" class=\"wp-caption aligncenter\"><img decoding=\"async\" class=\"wp-image-4295 size-full\" src=\"https:\/\/www.portalalerta.com.br\/wp-content\/uploads\/2018\/01\/Marcos-da-Silva-Carvalho-Avatar.jpg\" alt=\"\" width=\"500\" height=\"400\" srcset=\"https:\/\/www.portalalerta.com.br\/wp-content\/uploads\/2018\/01\/Marcos-da-Silva-Carvalho-Avatar.jpg 500w, https:\/\/www.portalalerta.com.br\/wp-content\/uploads\/2018\/01\/Marcos-da-Silva-Carvalho-Avatar-300x240.jpg 300w, https:\/\/www.portalalerta.com.br\/wp-content\/uploads\/2018\/01\/Marcos-da-Silva-Carvalho-Avatar-183x146.jpg 183w, https:\/\/www.portalalerta.com.br\/wp-content\/uploads\/2018\/01\/Marcos-da-Silva-Carvalho-Avatar-50x40.jpg 50w, https:\/\/www.portalalerta.com.br\/wp-content\/uploads\/2018\/01\/Marcos-da-Silva-Carvalho-Avatar-94x75.jpg 94w\" sizes=\"(max-width: 500px) 100vw, 500px\" \/><figcaption id=\"caption-attachment-4295\" class=\"wp-caption-text\">&#8220;Avatar&#8221; morreu em confronto com a pol\u00edcia. Arquivo: Portal Alerta<\/figcaption><\/figure>\n<p style=\"text-align: justify;\"><strong><em>Reda\u00e7\u00e3o: Portal Alerta<\/em><\/strong><\/p>\n<p style=\"text-align: justify;\"><em>#fiqueemcasa<\/em><\/p>\n","protected":false},"excerpt":{"rendered":"<p>Na noite do \u00faltimo domingo, 17, policiais militares do Pelot\u00e3o de Emprego T\u00e1tico Operacional (PETO), lotados na 6\u00aa CIPM, em a\u00e7\u00e3o conjunta com policiais Militares da CIPE Litoral Norte, se dirigiram at\u00e9 uma resid\u00eancia no munic\u00edpio de Itapicuru-BA, com a finalidade de prenderem um criminoso apontado como chefe de uma fac\u00e7\u00e3o criminosa que atua na &hellip;<\/p>\n","protected":false},"author":2,"featured_media":24336,"comment_status":"open","ping_status":"open","sticky":false,"template":"","format":"standard","meta":{"om_disable_all_campaigns":false,"_monsterinsights_skip_tracking":false,"_monsterinsights_sitenote_active":false,"_monsterinsights_sitenote_note":"","_monsterinsights_sitenote_category":0,"footnotes":""},"categories":[70,18,69,32,22],"tags":[181,524,178,128,132,169,245,79,83,197,76],"class_list":["post-24335","post","type-post","status-publish","format-standard","has-post-thumbnail","hentry","category-destaques","category-itapicuru","category-noticias2","category-regiao","category-seguranca","tag-6a-cipm","tag-cipe-ln","tag-confronto","tag-disparo-de-arma-de-fogo","tag-itapicuru","tag-morte","tag-peto","tag-policia-militar","tag-porte-ilegal-de-arma-de-fogo","tag-traficante","tag-trafico-de-drogas"],"aioseo_notices":[],"_links":{"self":[{"href":"https:\/\/www.portalalerta.com.br\/index.php\/wp-json\/wp\/v2\/posts\/24335","targetHints":{"allow":["GET"]}}],"collection":[{"href":"https:\/\/www.portalalerta.com.br\/index.php\/wp-json\/wp\/v2\/posts"}],"about":[{"href":"https:\/\/www.portalalerta.com.br\/index.php\/wp-json\/wp\/v2\/types\/post"}],"author":[{"embeddable":true,"href":"https:\/\/www.portalalerta.com.br\/index.php\/wp-json\/wp\/v2\/users\/2"}],"replies":[{"embeddable":true,"href":"https:\/\/www.portalalerta.com.br\/index.php\/wp-json\/wp\/v2\/comments?post=24335"}],"version-history":[{"count":3,"href":"https:\/\/www.portalalerta.com.br\/index.php\/wp-json\/wp\/v2\/posts\/24335\/revisions"}],"predecessor-version":[{"id":24339,"href":"https:\/\/www.portalalerta.com.br\/index.php\/wp-json\/wp\/v2\/posts\/24335\/revisions\/24339"}],"wp:featuredmedia":[{"embeddable":true,"href":"https:\/\/www.portalalerta.com.br\/index.php\/wp-json\/wp\/v2\/media\/24336"}],"wp:attachment":[{"href":"https:\/\/www.portalalerta.com.br\/index.php\/wp-json\/wp\/v2\/media?parent=24335"}],"wp:term":[{"taxonomy":"category","embeddable":true,"href":"https:\/\/www.portalalerta.com.br\/index.php\/wp-json\/wp\/v2\/categories?post=24335"},{"taxonomy":"post_tag","embeddable":true,"href":"https:\/\/www.portalalerta.com.br\/index.php\/wp-json\/wp\/v2\/tags?post=24335"}],"curies":[{"name":"wp","href":"https:\/\/api.w.org\/{rel}","templated":true}]}}