{"id":24340,"date":"2020-05-19T17:17:26","date_gmt":"2020-05-19T20:17:26","guid":{"rendered":"https:\/\/www.portalalerta.com.br\/?p=24340"},"modified":"2020-05-19T17:17:26","modified_gmt":"2020-05-19T20:17:26","slug":"decretos-de-suspensao-das-aulas-e-bloqueio-de-transportes-sao-prorrogados-na-bahia","status":"publish","type":"post","link":"https:\/\/www.portalalerta.com.br\/index.php\/2020\/05\/19\/decretos-de-suspensao-das-aulas-e-bloqueio-de-transportes-sao-prorrogados-na-bahia\/","title":{"rendered":"Decretos de suspens\u00e3o das aulas e bloqueio de transportes s\u00e3o prorrogados na Bahia"},"content":{"rendered":"<p style=\"text-align: justify;\">Em pronunciamento feito nas redes sociais nesta segunda-feira (18), o governador Rui Costa (PT) anunciou a extens\u00e3o do decreto de suspens\u00e3o das aulas por mais 15 dias.<!--more--><\/p>\n<p style=\"text-align: justify;\"><img fetchpriority=\"high\" decoding=\"async\" class=\"size-thumbnail wp-image-9394 alignleft\" src=\"https:\/\/www.portalalerta.com.br\/wp-content\/uploads\/2018\/07\/05elab-320x240.jpg\" alt=\"\" width=\"320\" height=\"240\" srcset=\"https:\/\/www.portalalerta.com.br\/wp-content\/uploads\/2018\/07\/05elab-320x240.jpg 320w, https:\/\/www.portalalerta.com.br\/wp-content\/uploads\/2018\/07\/05elab-195x146.jpg 195w, https:\/\/www.portalalerta.com.br\/wp-content\/uploads\/2018\/07\/05elab-50x38.jpg 50w, https:\/\/www.portalalerta.com.br\/wp-content\/uploads\/2018\/07\/05elab-100x75.jpg 100w, https:\/\/www.portalalerta.com.br\/wp-content\/uploads\/2018\/07\/05elab.jpg 400w\" sizes=\"(max-width: 320px) 100vw, 320px\" \/>O mesmo vale para o decreto que bloqueia o transporte intermunicipal e interestadual, v\u00e1lido atualmente para 171 munic\u00edpios baianos. \u201cToda cidade que tiver, nos \u00faltimos 14 dias, casos confirmados, n\u00f3s suspendemos o transporte, a comunica\u00e7\u00e3o para outras cidades\u201d, disse o governador ao relembrar o crit\u00e9rio utilizado para definir quais locais ser\u00e3o atingidos pela medida.<\/p>\n<p style=\"text-align: justify;\">Na avalia\u00e7\u00e3o dele, o ato se mostrou exitoso por evitar a descentraliza\u00e7\u00e3o dos casos de coronav\u00edrus na Bahia. De acordo com o balan\u00e7o feito pela Secretaria de Sa\u00fade do Estado (Sesab), 205 dos 417 munic\u00edpios baianos registram casos da Covid-19 e seis deles concentram 80% do total de ocorr\u00eancias.<\/p>\n<p style=\"text-align: justify;\"><em>Fonte: A Voz do Campo<\/em><\/p>\n","protected":false},"excerpt":{"rendered":"<p>Em pronunciamento feito nas redes sociais nesta segunda-feira (18), o governador Rui Costa (PT) anunciou a extens\u00e3o do decreto de suspens\u00e3o das aulas por mais 15 dias.<\/p>\n","protected":false},"author":2,"featured_media":3358,"comment_status":"open","ping_status":"open","sticky":false,"template":"","format":"standard","meta":{"om_disable_all_campaigns":false,"_monsterinsights_skip_tracking":false,"_monsterinsights_sitenote_active":false,"_monsterinsights_sitenote_note":"","_monsterinsights_sitenote_category":0,"footnotes":""},"categories":[33,70,69,21,19],"tags":[1146,54,3429,3486,283,912,1988,282,61,3547],"class_list":["post-24340","post","type-post","status-publish","format-standard","has-post-thumbnail","hentry","category-bahia","category-destaques","category-noticias2","category-politica","category-saude","tag-aulas-suspensas","tag-bahia","tag-coronavirus","tag-covid-19","tag-governador","tag-governo-da-bahia","tag-governo-do-estado","tag-rui-costa","tag-saude","tag-suspensao-de-transportes"],"aioseo_notices":[],"_links":{"self":[{"href":"https:\/\/www.portalalerta.com.br\/index.php\/wp-json\/wp\/v2\/posts\/24340","targetHints":{"allow":["GET"]}}],"collection":[{"href":"https:\/\/www.portalalerta.com.br\/index.php\/wp-json\/wp\/v2\/posts"}],"about":[{"href":"https:\/\/www.portalalerta.com.br\/index.php\/wp-json\/wp\/v2\/types\/post"}],"author":[{"embeddable":true,"href":"https:\/\/www.portalalerta.com.br\/index.php\/wp-json\/wp\/v2\/users\/2"}],"replies":[{"embeddable":true,"href":"https:\/\/www.portalalerta.com.br\/index.php\/wp-json\/wp\/v2\/comments?post=24340"}],"version-history":[{"count":1,"href":"https:\/\/www.portalalerta.com.br\/index.php\/wp-json\/wp\/v2\/posts\/24340\/revisions"}],"predecessor-version":[{"id":24341,"href":"https:\/\/www.portalalerta.com.br\/index.php\/wp-json\/wp\/v2\/posts\/24340\/revisions\/24341"}],"wp:featuredmedia":[{"embeddable":true,"href":"https:\/\/www.portalalerta.com.br\/index.php\/wp-json\/wp\/v2\/media\/3358"}],"wp:attachment":[{"href":"https:\/\/www.portalalerta.com.br\/index.php\/wp-json\/wp\/v2\/media?parent=24340"}],"wp:term":[{"taxonomy":"category","embeddable":true,"href":"https:\/\/www.portalalerta.com.br\/index.php\/wp-json\/wp\/v2\/categories?post=24340"},{"taxonomy":"post_tag","embeddable":true,"href":"https:\/\/www.portalalerta.com.br\/index.php\/wp-json\/wp\/v2\/tags?post=24340"}],"curies":[{"name":"wp","href":"https:\/\/api.w.org\/{rel}","templated":true}]}}