{"id":24345,"date":"2020-05-19T21:01:55","date_gmt":"2020-05-20T00:01:55","guid":{"rendered":"https:\/\/www.portalalerta.com.br\/?p=24345"},"modified":"2020-05-19T23:09:40","modified_gmt":"2020-05-20T02:09:40","slug":"estabelecimento-comercial-e-alvo-de-criminosos-em-ribeira-do-pombal-ba","status":"publish","type":"post","link":"https:\/\/www.portalalerta.com.br\/index.php\/2020\/05\/19\/estabelecimento-comercial-e-alvo-de-criminosos-em-ribeira-do-pombal-ba\/","title":{"rendered":"Estabelecimento comercial \u00e9 alvo de criminosos em Ribeira do Pombal-BA"},"content":{"rendered":"<p style=\"text-align: justify;\">Na tarde da \u00faltima segunda-feira, 18, dois criminosos realizaram um assalto a um estabelecimento comercial, situado na Rua B, zona oeste de Ribeira do Pombal-BA.<!--more--><\/p>\n<p style=\"text-align: justify;\">A dupla chegou ao loca, a bordo de uma motocicleta, com caracter\u00edsticas n\u00e3o anotadas. Na sequ\u00eancia anunciaram o assalto, subtraindo mercadorias e dinheiro do estabelecimento, bem como um aparelho celular da atendente.<\/p>\n<p style=\"text-align: justify;\"><img fetchpriority=\"high\" decoding=\"async\" class=\"size-thumbnail wp-image-23589 aligncenter\" src=\"https:\/\/www.portalalerta.com.br\/wp-content\/uploads\/2020\/04\/real-acordo-720x93.jpg\" alt=\"\" width=\"720\" height=\"93\" \/>O fato foi informado \u00e0 Pol\u00edcia Militar da cidade, que realizou buscas pelos criminosos, por\u00e9m at\u00e9 o fechamento desta mat\u00e9ria, ningu\u00e9m tinha sido preso.<\/p>\n<p style=\"text-align: justify;\">A v\u00edtima foi orientada\u00a0 se dirigir at\u00e9 a Delegacia de Pol\u00edcia Civil para o devido registro da ocorr\u00eancia.<\/p>\n<p style=\"text-align: justify;\"><em>Reda\u00e7\u00e3o: Portal Alerta<\/em><\/p>\n<p style=\"text-align: justify;\"><strong><em>#fiqueemcasa<\/em><\/strong><\/p>\n","protected":false},"excerpt":{"rendered":"<p>Na tarde da \u00faltima segunda-feira, 18, dois criminosos realizaram um assalto a um estabelecimento comercial, situado na Rua B, zona oeste de Ribeira do Pombal-BA.<\/p>\n","protected":false},"author":2,"featured_media":22265,"comment_status":"open","ping_status":"open","sticky":false,"template":"","format":"standard","meta":{"om_disable_all_campaigns":false,"_monsterinsights_skip_tracking":false,"_monsterinsights_sitenote_active":false,"_monsterinsights_sitenote_note":"","_monsterinsights_sitenote_category":0,"footnotes":""},"categories":[70,69,32,3,22],"tags":[147,108,47,367],"class_list":["post-24345","post","type-post","status-publish","format-standard","has-post-thumbnail","hentry","category-destaques","category-noticias2","category-regiao","category-ribeira-do-pombal","category-seguranca","tag-assalto-a-estabelecimento-comercial","tag-estabelecimento-comercial","tag-ribeira-do-pombal","tag-roubo"],"aioseo_notices":[],"_links":{"self":[{"href":"https:\/\/www.portalalerta.com.br\/index.php\/wp-json\/wp\/v2\/posts\/24345","targetHints":{"allow":["GET"]}}],"collection":[{"href":"https:\/\/www.portalalerta.com.br\/index.php\/wp-json\/wp\/v2\/posts"}],"about":[{"href":"https:\/\/www.portalalerta.com.br\/index.php\/wp-json\/wp\/v2\/types\/post"}],"author":[{"embeddable":true,"href":"https:\/\/www.portalalerta.com.br\/index.php\/wp-json\/wp\/v2\/users\/2"}],"replies":[{"embeddable":true,"href":"https:\/\/www.portalalerta.com.br\/index.php\/wp-json\/wp\/v2\/comments?post=24345"}],"version-history":[{"count":2,"href":"https:\/\/www.portalalerta.com.br\/index.php\/wp-json\/wp\/v2\/posts\/24345\/revisions"}],"predecessor-version":[{"id":24356,"href":"https:\/\/www.portalalerta.com.br\/index.php\/wp-json\/wp\/v2\/posts\/24345\/revisions\/24356"}],"wp:featuredmedia":[{"embeddable":true,"href":"https:\/\/www.portalalerta.com.br\/index.php\/wp-json\/wp\/v2\/media\/22265"}],"wp:attachment":[{"href":"https:\/\/www.portalalerta.com.br\/index.php\/wp-json\/wp\/v2\/media?parent=24345"}],"wp:term":[{"taxonomy":"category","embeddable":true,"href":"https:\/\/www.portalalerta.com.br\/index.php\/wp-json\/wp\/v2\/categories?post=24345"},{"taxonomy":"post_tag","embeddable":true,"href":"https:\/\/www.portalalerta.com.br\/index.php\/wp-json\/wp\/v2\/tags?post=24345"}],"curies":[{"name":"wp","href":"https:\/\/api.w.org\/{rel}","templated":true}]}}