{"id":24347,"date":"2020-05-19T21:18:38","date_gmt":"2020-05-20T00:18:38","guid":{"rendered":"https:\/\/www.portalalerta.com.br\/?p=24347"},"modified":"2020-05-19T21:18:38","modified_gmt":"2020-05-20T00:18:38","slug":"brasil-tem-o-pior-dia-da-pandemia-com-1-179-mortes","status":"publish","type":"post","link":"https:\/\/www.portalalerta.com.br\/index.php\/2020\/05\/19\/brasil-tem-o-pior-dia-da-pandemia-com-1-179-mortes\/","title":{"rendered":"Brasil tem o pior dia da pandemia, com 1.179 mortes"},"content":{"rendered":"<p style=\"text-align: justify;\">O Minist\u00e9rio da Sa\u00fade atualizou para 17.971 o n\u00famero de mortes em decorr\u00eancia do\u00a0novo coronav\u00edrus\u00a0no Brasil nesta ter\u00e7a-feira (19). Ao todo, tamb\u00e9m foram confirmados 271.628 casos da Covid-19 no pa\u00eds.<!--more--><\/p>\n<p style=\"text-align: justify;\"><img fetchpriority=\"high\" decoding=\"async\" class=\"size-thumbnail wp-image-9394 alignleft\" src=\"https:\/\/www.portalalerta.com.br\/wp-content\/uploads\/2018\/07\/05elab-320x240.jpg\" alt=\"\" width=\"320\" height=\"240\" srcset=\"https:\/\/www.portalalerta.com.br\/wp-content\/uploads\/2018\/07\/05elab-320x240.jpg 320w, https:\/\/www.portalalerta.com.br\/wp-content\/uploads\/2018\/07\/05elab-195x146.jpg 195w, https:\/\/www.portalalerta.com.br\/wp-content\/uploads\/2018\/07\/05elab-50x38.jpg 50w, https:\/\/www.portalalerta.com.br\/wp-content\/uploads\/2018\/07\/05elab-100x75.jpg 100w, https:\/\/www.portalalerta.com.br\/wp-content\/uploads\/2018\/07\/05elab.jpg 400w\" sizes=\"(max-width: 320px) 100vw, 320px\" \/>Foram registradas 1.179 novas mortes nas \u00faltimas 24 horas, al\u00e9m de 17.408 novos infectados. Essas s\u00e3o as duas maiores marcas j\u00e1 atingidas pelo pa\u00eds no intervalo de 24h. Na atualiza\u00e7\u00e3o divulgada na segunda-feira (18), o Brasil contabilizava 16.792 mortes e 254.220 casos de pessoas infectadas.<\/p>\n<p style=\"text-align: justify;\">O minist\u00e9rio &#8211; agora sob o comando interino do general Eduardo Pazuello -, por\u00e9m, tem informado que o n\u00famero real de casos tende a ser maior, j\u00e1 que s\u00e3o testados apenas os casos graves, de pacientes internados em hospitais, e h\u00e1 casos represados \u00e0 espera de confirma\u00e7\u00e3o.<\/p>\n<p style=\"text-align: justify;\">O Brasil confirmou o primeiro caso de Covid-19 em 26 de fevereiro. Um homem de 61 anos de S\u00e3o Paulo contraiu o coronav\u00edrus em viagem \u00e0 It\u00e1lia, que tem alta taxa de casos da doen\u00e7a.<\/p>\n<p style=\"text-align: justify;\">A primeira morte foi confirmada 20 dias depois, em 17 de mar\u00e7o. O paciente era um homem de 62 anos que tinha diabetes e hipertens\u00e3o. Ele estava internado na UTI do Hospital Sancta Maggiore Para\u00edso desde o dia 14 e morreu no dia 16. Ele n\u00e3o tinha hist\u00f3rico de viagem para o exterior.<\/p>\n<p style=\"text-align: justify;\"><em>Fonte: Yahoo Not\u00edcias<\/em><\/p>\n","protected":false},"excerpt":{"rendered":"<p>O Minist\u00e9rio da Sa\u00fade atualizou para 17.971 o n\u00famero de mortes em decorr\u00eancia do\u00a0novo coronav\u00edrus\u00a0no Brasil nesta ter\u00e7a-feira (19). Ao todo, tamb\u00e9m foram confirmados 271.628 casos da Covid-19 no pa\u00eds.<\/p>\n","protected":false},"author":2,"featured_media":24009,"comment_status":"open","ping_status":"open","sticky":false,"template":"","format":"standard","meta":{"om_disable_all_campaigns":false,"_monsterinsights_skip_tracking":false,"_monsterinsights_sitenote_active":false,"_monsterinsights_sitenote_note":"","_monsterinsights_sitenote_category":0,"footnotes":""},"categories":[34,70,69,19],"tags":[93,3429,3486,3560,635,439,61],"class_list":["post-24347","post","type-post","status-publish","format-standard","has-post-thumbnail","hentry","category-brasil","category-destaques","category-noticias2","category-saude","tag-brasil","tag-coronavirus","tag-covid-19","tag-infectados","tag-ministerio-da-saude","tag-mortes","tag-saude"],"aioseo_notices":[],"_links":{"self":[{"href":"https:\/\/www.portalalerta.com.br\/index.php\/wp-json\/wp\/v2\/posts\/24347","targetHints":{"allow":["GET"]}}],"collection":[{"href":"https:\/\/www.portalalerta.com.br\/index.php\/wp-json\/wp\/v2\/posts"}],"about":[{"href":"https:\/\/www.portalalerta.com.br\/index.php\/wp-json\/wp\/v2\/types\/post"}],"author":[{"embeddable":true,"href":"https:\/\/www.portalalerta.com.br\/index.php\/wp-json\/wp\/v2\/users\/2"}],"replies":[{"embeddable":true,"href":"https:\/\/www.portalalerta.com.br\/index.php\/wp-json\/wp\/v2\/comments?post=24347"}],"version-history":[{"count":1,"href":"https:\/\/www.portalalerta.com.br\/index.php\/wp-json\/wp\/v2\/posts\/24347\/revisions"}],"predecessor-version":[{"id":24348,"href":"https:\/\/www.portalalerta.com.br\/index.php\/wp-json\/wp\/v2\/posts\/24347\/revisions\/24348"}],"wp:featuredmedia":[{"embeddable":true,"href":"https:\/\/www.portalalerta.com.br\/index.php\/wp-json\/wp\/v2\/media\/24009"}],"wp:attachment":[{"href":"https:\/\/www.portalalerta.com.br\/index.php\/wp-json\/wp\/v2\/media?parent=24347"}],"wp:term":[{"taxonomy":"category","embeddable":true,"href":"https:\/\/www.portalalerta.com.br\/index.php\/wp-json\/wp\/v2\/categories?post=24347"},{"taxonomy":"post_tag","embeddable":true,"href":"https:\/\/www.portalalerta.com.br\/index.php\/wp-json\/wp\/v2\/tags?post=24347"}],"curies":[{"name":"wp","href":"https:\/\/api.w.org\/{rel}","templated":true}]}}