{"id":24349,"date":"2020-05-19T21:33:42","date_gmt":"2020-05-20T00:33:42","guid":{"rendered":"https:\/\/www.portalalerta.com.br\/?p=24349"},"modified":"2020-05-19T21:33:42","modified_gmt":"2020-05-20T00:33:42","slug":"camara-de-vereadores-aprova-tres-contas-de-ricardo-maia-em-ribeira-do-pombal-ba","status":"publish","type":"post","link":"https:\/\/www.portalalerta.com.br\/index.php\/2020\/05\/19\/camara-de-vereadores-aprova-tres-contas-de-ricardo-maia-em-ribeira-do-pombal-ba\/","title":{"rendered":"C\u00e2mara de Vereadores aprova tr\u00eas contas de Ricardo Maia, em Ribeira do Pombal-BA"},"content":{"rendered":"<p style=\"text-align: justify;\">Ap\u00f3s ter as contas dos anos de 2015, 2016 e 2017 aprovadas pelo Tribunal de Contas, o Prefeito Ricardo Maia, agora, tamb\u00e9m tem a aprova\u00e7\u00e3o de suas contas pelo Poder Legislativo Municipal.\u00a0<!--more--><\/p>\n<p style=\"text-align: justify;\"><img fetchpriority=\"high\" decoding=\"async\" class=\"size-thumbnail wp-image-4869 aligncenter\" src=\"https:\/\/www.portalalerta.com.br\/wp-content\/uploads\/2018\/02\/Auto-Escola-Nobre-720x181.jpg\" alt=\"\" width=\"720\" height=\"181\" srcset=\"https:\/\/www.portalalerta.com.br\/wp-content\/uploads\/2018\/02\/Auto-Escola-Nobre.jpg 720w, https:\/\/www.portalalerta.com.br\/wp-content\/uploads\/2018\/02\/Auto-Escola-Nobre-260x65.jpg 260w, https:\/\/www.portalalerta.com.br\/wp-content\/uploads\/2018\/02\/Auto-Escola-Nobre-50x13.jpg 50w, https:\/\/www.portalalerta.com.br\/wp-content\/uploads\/2018\/02\/Auto-Escola-Nobre-150x38.jpg 150w\" sizes=\"(max-width: 720px) 100vw, 720px\" \/>Na noite desta segunda-feira, 18 de maio 2020, em Sess\u00e3o Extraordin\u00e1ria Virtual, onde os vereadores de oposi\u00e7\u00e3o Pedro Mel e S\u00e9rgio da Oficina n\u00e3o participaram, os 12 vereadores que comp\u00f5em a bancada de situa\u00e7\u00e3o, confirmaram o parecer do TCM-BA pela aprova\u00e7\u00e3o das contas de Ricardo Maia.<\/p>\n<p style=\"text-align: justify;\">Desta forma, j\u00e1 s\u00e3o 6 contas aprovadas pelo TCM e 5 pela C\u00e2mara. Na pr\u00f3xima sexta-feira (22\/05), \u00e0s 17h, a C\u00e2mara julgar\u00e1 as contas de 2012 do ex-prefeito Z\u00e9 Grilo.<\/p>\n<p style=\"text-align: justify;\"><em>Fonte: Joilson Costa<\/em><\/p>\n","protected":false},"excerpt":{"rendered":"<p>Ap\u00f3s ter as contas dos anos de 2015, 2016 e 2017 aprovadas pelo Tribunal de Contas, o Prefeito Ricardo Maia, agora, tamb\u00e9m tem a aprova\u00e7\u00e3o de suas contas pelo Poder Legislativo Municipal.\u00a0<\/p>\n","protected":false},"author":2,"featured_media":7734,"comment_status":"open","ping_status":"open","sticky":false,"template":"","format":"standard","meta":{"om_disable_all_campaigns":false,"_monsterinsights_skip_tracking":false,"_monsterinsights_sitenote_active":false,"_monsterinsights_sitenote_note":"","_monsterinsights_sitenote_category":0,"footnotes":""},"categories":[70,69,21,32,3],"tags":[211,2619,302,198,47,146,135],"class_list":["post-24349","post","type-post","status-publish","format-standard","has-post-thumbnail","hentry","category-destaques","category-noticias2","category-politica","category-regiao","category-ribeira-do-pombal","tag-camara-de-vereadores","tag-contas","tag-julgamento","tag-prefeito","tag-ribeira-do-pombal","tag-ricardo-maia","tag-vereadores"],"aioseo_notices":[],"_links":{"self":[{"href":"https:\/\/www.portalalerta.com.br\/index.php\/wp-json\/wp\/v2\/posts\/24349","targetHints":{"allow":["GET"]}}],"collection":[{"href":"https:\/\/www.portalalerta.com.br\/index.php\/wp-json\/wp\/v2\/posts"}],"about":[{"href":"https:\/\/www.portalalerta.com.br\/index.php\/wp-json\/wp\/v2\/types\/post"}],"author":[{"embeddable":true,"href":"https:\/\/www.portalalerta.com.br\/index.php\/wp-json\/wp\/v2\/users\/2"}],"replies":[{"embeddable":true,"href":"https:\/\/www.portalalerta.com.br\/index.php\/wp-json\/wp\/v2\/comments?post=24349"}],"version-history":[{"count":1,"href":"https:\/\/www.portalalerta.com.br\/index.php\/wp-json\/wp\/v2\/posts\/24349\/revisions"}],"predecessor-version":[{"id":24350,"href":"https:\/\/www.portalalerta.com.br\/index.php\/wp-json\/wp\/v2\/posts\/24349\/revisions\/24350"}],"wp:featuredmedia":[{"embeddable":true,"href":"https:\/\/www.portalalerta.com.br\/index.php\/wp-json\/wp\/v2\/media\/7734"}],"wp:attachment":[{"href":"https:\/\/www.portalalerta.com.br\/index.php\/wp-json\/wp\/v2\/media?parent=24349"}],"wp:term":[{"taxonomy":"category","embeddable":true,"href":"https:\/\/www.portalalerta.com.br\/index.php\/wp-json\/wp\/v2\/categories?post=24349"},{"taxonomy":"post_tag","embeddable":true,"href":"https:\/\/www.portalalerta.com.br\/index.php\/wp-json\/wp\/v2\/tags?post=24349"}],"curies":[{"name":"wp","href":"https:\/\/api.w.org\/{rel}","templated":true}]}}