{"id":24364,"date":"2020-05-20T14:01:07","date_gmt":"2020-05-20T17:01:07","guid":{"rendered":"https:\/\/www.portalalerta.com.br\/?p=24364"},"modified":"2020-05-20T14:01:07","modified_gmt":"2020-05-20T17:01:07","slug":"tres-pessoas-da-mesma-familia-testam-positivo-para-o-covid-19-em-banzae-ba","status":"publish","type":"post","link":"https:\/\/www.portalalerta.com.br\/index.php\/2020\/05\/20\/tres-pessoas-da-mesma-familia-testam-positivo-para-o-covid-19-em-banzae-ba\/","title":{"rendered":"Tr\u00eas pessoas da mesma fam\u00edlia testam positivo para o Covid-19 em Banza\u00ea-BA"},"content":{"rendered":"<p style=\"text-align: justify;\">Na \u00faltima segunda-feira, 18, o munic\u00edpio de Banza\u00ea-BA confirmou mais tr\u00eas casos de Covid-19 (Coronav\u00edrus).<!--more--><\/p>\n<p style=\"text-align: justify;\"><img fetchpriority=\"high\" decoding=\"async\" class=\"size-thumbnail wp-image-4869 aligncenter\" src=\"https:\/\/www.portalalerta.com.br\/wp-content\/uploads\/2018\/02\/Auto-Escola-Nobre-720x181.jpg\" alt=\"\" width=\"720\" height=\"181\" srcset=\"https:\/\/www.portalalerta.com.br\/wp-content\/uploads\/2018\/02\/Auto-Escola-Nobre.jpg 720w, https:\/\/www.portalalerta.com.br\/wp-content\/uploads\/2018\/02\/Auto-Escola-Nobre-260x65.jpg 260w, https:\/\/www.portalalerta.com.br\/wp-content\/uploads\/2018\/02\/Auto-Escola-Nobre-50x13.jpg 50w, https:\/\/www.portalalerta.com.br\/wp-content\/uploads\/2018\/02\/Auto-Escola-Nobre-150x38.jpg 150w\" sizes=\"(max-width: 720px) 100vw, 720px\" \/>Segundo uma nota da prefeitura Municipal, os tr\u00eas casos foram registrados na mesma fam\u00edlia. Os pacientes s\u00e3o oriundos do estado de S\u00e3o Paulo, sendo dois adultos de 38 anos e 19 anos de idade; e uma crian\u00e7a de 05 anos de idade. Todos est\u00e3o bem, e n\u00e3o apresentam doen\u00e7as pr\u00e9-existentes, sendo monitorados por equipes da vigil\u00e2ncia epidemiol\u00f3gica. Vale ressaltar que a confirma\u00e7\u00e3o de infec\u00e7\u00e3o se deve \u00e0 resultados de testes r\u00e1pidos.<\/p>\n<p style=\"text-align: justify;\">Desta forma, o munic\u00edpio se encontra com quatro casos confirmados no momento.<\/p>\n<p style=\"text-align: justify;\"><em>Reda\u00e7\u00e3o: Portal Alerta<\/em><\/p>\n<p><strong><em>#fiqueemcasa<\/em><\/strong><\/p>\n","protected":false},"excerpt":{"rendered":"<p>Na \u00faltima segunda-feira, 18, o munic\u00edpio de Banza\u00ea-BA confirmou mais tr\u00eas casos de Covid-19 (Coronav\u00edrus).<\/p>\n","protected":false},"author":2,"featured_media":20224,"comment_status":"open","ping_status":"open","sticky":false,"template":"","format":"standard","meta":{"om_disable_all_campaigns":false,"_monsterinsights_skip_tracking":false,"_monsterinsights_sitenote_active":false,"_monsterinsights_sitenote_note":"","_monsterinsights_sitenote_category":0,"footnotes":""},"categories":[39,70,69,32,19],"tags":[49,3429,3486,3560,61],"class_list":["post-24364","post","type-post","status-publish","format-standard","has-post-thumbnail","hentry","category-banzae","category-destaques","category-noticias2","category-regiao","category-saude","tag-banzae","tag-coronavirus","tag-covid-19","tag-infectados","tag-saude"],"aioseo_notices":[],"_links":{"self":[{"href":"https:\/\/www.portalalerta.com.br\/index.php\/wp-json\/wp\/v2\/posts\/24364","targetHints":{"allow":["GET"]}}],"collection":[{"href":"https:\/\/www.portalalerta.com.br\/index.php\/wp-json\/wp\/v2\/posts"}],"about":[{"href":"https:\/\/www.portalalerta.com.br\/index.php\/wp-json\/wp\/v2\/types\/post"}],"author":[{"embeddable":true,"href":"https:\/\/www.portalalerta.com.br\/index.php\/wp-json\/wp\/v2\/users\/2"}],"replies":[{"embeddable":true,"href":"https:\/\/www.portalalerta.com.br\/index.php\/wp-json\/wp\/v2\/comments?post=24364"}],"version-history":[{"count":1,"href":"https:\/\/www.portalalerta.com.br\/index.php\/wp-json\/wp\/v2\/posts\/24364\/revisions"}],"predecessor-version":[{"id":24365,"href":"https:\/\/www.portalalerta.com.br\/index.php\/wp-json\/wp\/v2\/posts\/24364\/revisions\/24365"}],"wp:featuredmedia":[{"embeddable":true,"href":"https:\/\/www.portalalerta.com.br\/index.php\/wp-json\/wp\/v2\/media\/20224"}],"wp:attachment":[{"href":"https:\/\/www.portalalerta.com.br\/index.php\/wp-json\/wp\/v2\/media?parent=24364"}],"wp:term":[{"taxonomy":"category","embeddable":true,"href":"https:\/\/www.portalalerta.com.br\/index.php\/wp-json\/wp\/v2\/categories?post=24364"},{"taxonomy":"post_tag","embeddable":true,"href":"https:\/\/www.portalalerta.com.br\/index.php\/wp-json\/wp\/v2\/tags?post=24364"}],"curies":[{"name":"wp","href":"https:\/\/api.w.org\/{rel}","templated":true}]}}