{"id":24371,"date":"2020-05-21T11:35:26","date_gmt":"2020-05-21T14:35:26","guid":{"rendered":"https:\/\/www.portalalerta.com.br\/?p=24371"},"modified":"2020-05-21T11:35:26","modified_gmt":"2020-05-21T14:35:26","slug":"seis-pacientes-ja-foram-curados-de-covid-19-em-ribeira-do-pombal-ba","status":"publish","type":"post","link":"https:\/\/www.portalalerta.com.br\/index.php\/2020\/05\/21\/seis-pacientes-ja-foram-curados-de-covid-19-em-ribeira-do-pombal-ba\/","title":{"rendered":"Seis pacientes j\u00e1 foram curados de Covid-19 em Ribeira do Pombal-BA"},"content":{"rendered":"<p style=\"text-align: justify;\">O \u00faltimo Boletim Epidemiol\u00f3gico divulgado pela Secretaria Municipal de Sa\u00fade de Ribeira do Pombal-BA nesta quinta-feira, 21, foi repleto de boas not\u00edcias.<!--more--><\/p>\n<p style=\"text-align: justify;\">Al\u00e9m dos 312 testes negativados, sendo 254 testes r\u00e1pidos, e 58 realizados pelo Laborat\u00f3rio Central do Estado (LACEN), o Boletim divulgou que dos 11 infectados, 06 j\u00e1 foram curados, o que representa 54% dos casos confirmados. A Secretaria n\u00e3o entrou em detalhes, a respeito de quem seriam estes pacientes. Outro dado importante \u00e9 que, desde o \u00faltimo s\u00e1bado, 16, o munic\u00edpio n\u00e3o apresentou novos casos de infec\u00e7\u00e3o. Vale ressaltar que onze pessoas ainda se encontram na condi\u00e7\u00e3o de suspeita para a doen\u00e7a, e aguardam resultados oficiais.<\/p>\n<p style=\"text-align: justify;\"><img fetchpriority=\"high\" decoding=\"async\" class=\"size-thumbnail wp-image-23589 aligncenter\" src=\"https:\/\/www.portalalerta.com.br\/wp-content\/uploads\/2020\/04\/real-acordo-720x93.jpg\" alt=\"\" width=\"720\" height=\"93\" \/>Outro dado que tamb\u00e9m chama a aten\u00e7\u00e3o, \u00e9 o aumento gradativo no n\u00famero de pessoas que chegam ao munic\u00edpio, oriundas de regi\u00f5es consideradas de alto \u00edndice de cont\u00e1gio. Desde do \u00faltimo domingo, 17, at\u00e9 a \u00faltima quinta-feira, 21, chegaram ao munic\u00edpio, 148 pessoas, \u00a0representando uma m\u00e9dia de 30 pessoas\/dia. \u00a0Ao todo 426 pessoas est\u00e3o sendo monitoradas, e 1.510 j\u00e1 foram liberadas do monitoramento.<\/p>\n<p style=\"text-align: justify;\">Confira o Boletim 64, divulgado no dia 21:<\/p>\n<p style=\"text-align: justify;\"><img decoding=\"async\" class=\"aligncenter wp-image-24370 size-full\" src=\"https:\/\/www.portalalerta.com.br\/wp-content\/uploads\/2020\/05\/Boletim-Coronavirus-64.jpeg\" alt=\"\" width=\"720\" height=\"720\" srcset=\"https:\/\/www.portalalerta.com.br\/wp-content\/uploads\/2020\/05\/Boletim-Coronavirus-64.jpeg 720w, https:\/\/www.portalalerta.com.br\/wp-content\/uploads\/2020\/05\/Boletim-Coronavirus-64-240x240.jpeg 240w, https:\/\/www.portalalerta.com.br\/wp-content\/uploads\/2020\/05\/Boletim-Coronavirus-64-146x146.jpeg 146w, https:\/\/www.portalalerta.com.br\/wp-content\/uploads\/2020\/05\/Boletim-Coronavirus-64-50x50.jpeg 50w, https:\/\/www.portalalerta.com.br\/wp-content\/uploads\/2020\/05\/Boletim-Coronavirus-64-75x75.jpeg 75w, https:\/\/www.portalalerta.com.br\/wp-content\/uploads\/2020\/05\/Boletim-Coronavirus-64-85x85.jpeg 85w, https:\/\/www.portalalerta.com.br\/wp-content\/uploads\/2020\/05\/Boletim-Coronavirus-64-80x80.jpeg 80w\" sizes=\"(max-width: 720px) 100vw, 720px\" \/><em>Reda\u00e7\u00e3o: Portal Alerta<\/em><\/p>\n<p style=\"text-align: justify;\"><strong><em>#fiqueemcasa<\/em><\/strong><\/p>\n","protected":false},"excerpt":{"rendered":"<p>O \u00faltimo Boletim Epidemiol\u00f3gico divulgado pela Secretaria Municipal de Sa\u00fade de Ribeira do Pombal-BA nesta quinta-feira, 21, foi repleto de boas not\u00edcias.<\/p>\n","protected":false},"author":2,"featured_media":24253,"comment_status":"open","ping_status":"open","sticky":false,"template":"","format":"standard","meta":{"om_disable_all_campaigns":false,"_monsterinsights_skip_tracking":false,"_monsterinsights_sitenote_active":false,"_monsterinsights_sitenote_note":"","_monsterinsights_sitenote_category":0,"footnotes":""},"categories":[70,69,32,3,19],"tags":[3665,3429,3486,3454,47,61],"class_list":["post-24371","post","type-post","status-publish","format-standard","has-post-thumbnail","hentry","category-destaques","category-noticias2","category-regiao","category-ribeira-do-pombal","category-saude","tag-boletim-epidemiologico","tag-coronavirus","tag-covid-19","tag-cura","tag-ribeira-do-pombal","tag-saude"],"aioseo_notices":[],"_links":{"self":[{"href":"https:\/\/www.portalalerta.com.br\/index.php\/wp-json\/wp\/v2\/posts\/24371","targetHints":{"allow":["GET"]}}],"collection":[{"href":"https:\/\/www.portalalerta.com.br\/index.php\/wp-json\/wp\/v2\/posts"}],"about":[{"href":"https:\/\/www.portalalerta.com.br\/index.php\/wp-json\/wp\/v2\/types\/post"}],"author":[{"embeddable":true,"href":"https:\/\/www.portalalerta.com.br\/index.php\/wp-json\/wp\/v2\/users\/2"}],"replies":[{"embeddable":true,"href":"https:\/\/www.portalalerta.com.br\/index.php\/wp-json\/wp\/v2\/comments?post=24371"}],"version-history":[{"count":1,"href":"https:\/\/www.portalalerta.com.br\/index.php\/wp-json\/wp\/v2\/posts\/24371\/revisions"}],"predecessor-version":[{"id":24372,"href":"https:\/\/www.portalalerta.com.br\/index.php\/wp-json\/wp\/v2\/posts\/24371\/revisions\/24372"}],"wp:featuredmedia":[{"embeddable":true,"href":"https:\/\/www.portalalerta.com.br\/index.php\/wp-json\/wp\/v2\/media\/24253"}],"wp:attachment":[{"href":"https:\/\/www.portalalerta.com.br\/index.php\/wp-json\/wp\/v2\/media?parent=24371"}],"wp:term":[{"taxonomy":"category","embeddable":true,"href":"https:\/\/www.portalalerta.com.br\/index.php\/wp-json\/wp\/v2\/categories?post=24371"},{"taxonomy":"post_tag","embeddable":true,"href":"https:\/\/www.portalalerta.com.br\/index.php\/wp-json\/wp\/v2\/tags?post=24371"}],"curies":[{"name":"wp","href":"https:\/\/api.w.org\/{rel}","templated":true}]}}