{"id":24373,"date":"2020-05-21T13:15:44","date_gmt":"2020-05-21T16:15:44","guid":{"rendered":"https:\/\/www.portalalerta.com.br\/?p=24373"},"modified":"2020-05-21T13:15:44","modified_gmt":"2020-05-21T16:15:44","slug":"deputado-que-morreu-de-covid-19-usou-cloroquina-diz-colunista","status":"publish","type":"post","link":"https:\/\/www.portalalerta.com.br\/index.php\/2020\/05\/21\/deputado-que-morreu-de-covid-19-usou-cloroquina-diz-colunista\/","title":{"rendered":"Deputado que morreu de Covid-19 usou cloroquina, diz colunista"},"content":{"rendered":"<p style=\"text-align: justify;\">Deputado estadual do Rio de Janeiro, Gil Vianna (PSL) faleceu na noite da \u00faltima ter\u00e7a-feira (19), v\u00edtima de Covid-19. Gil estava internado h\u00e1 uma semana e usou cloroquina em seu tratamento da doen\u00e7a, como \u00e9 procedimento no hospital da Unimed, em Campos dos Goytacazes, norte do Rio, onde estava internado.<!--more--><\/p>\n<p style=\"text-align: justify;\">A informa\u00e7\u00e3o sobre o uso da cloroquina foi revelada pelo colunista Lauro Jardim, do jornal\u00a0<em>O Globo<\/em>.<\/p>\n<p style=\"text-align: justify;\">O parlamentar teve uma piora repentina no quadro e n\u00e3o resistiu. Fontes ligadas a ele afirmaram que, ainda na noite desta ter\u00e7a, um dos filhos visitou o hospital e conseguiu se comunicar \u00e0 dist\u00e2ncia com o pai. Pouco depois, por volta das 22h, o deputado estadual precisou ser entubado \u00e0s pressas e, segundo informa\u00e7\u00f5es preliminares, n\u00e3o resistiu ao procedimento, tendo uma parada card\u00edaca.<\/p>\n<p style=\"text-align: justify;\"><img fetchpriority=\"high\" decoding=\"async\" class=\"size-thumbnail wp-image-9394 alignleft\" src=\"https:\/\/www.portalalerta.com.br\/wp-content\/uploads\/2018\/07\/05elab-320x240.jpg\" alt=\"\" width=\"320\" height=\"240\" srcset=\"https:\/\/www.portalalerta.com.br\/wp-content\/uploads\/2018\/07\/05elab-320x240.jpg 320w, https:\/\/www.portalalerta.com.br\/wp-content\/uploads\/2018\/07\/05elab-195x146.jpg 195w, https:\/\/www.portalalerta.com.br\/wp-content\/uploads\/2018\/07\/05elab-50x38.jpg 50w, https:\/\/www.portalalerta.com.br\/wp-content\/uploads\/2018\/07\/05elab-100x75.jpg 100w, https:\/\/www.portalalerta.com.br\/wp-content\/uploads\/2018\/07\/05elab.jpg 400w\" sizes=\"(max-width: 320px) 100vw, 320px\" \/>Na segunda-feira, em \u00faltima atualiza\u00e7\u00e3o divulgada por sua assessoria, Vianna vinha respondendo bem ao tratamento e seu estado era considerado est\u00e1vel pelos m\u00e9dicos.<\/p>\n<p style=\"text-align: justify;\">\u201cMeus amigos, infelizmente perdemos nosso Gil, nosso companheiro. Estou propondo amanh\u00e3 suspendermos todas as atividades, exceto \u00e0s 15h quando abrir\u00edamos, far\u00edamos uma homenagem a ele. Encerrar\u00edamos a sess\u00e3o e a\u00ed tr\u00eas dias de luto oficial&#8221;, disse o presidente da Assembleia Legislativa do Rio (Alerj), Andr\u00e9 Ceciliano (PT), em \u00e1udio enviado aos demais parlamentares da Casa.<\/p>\n<p style=\"text-align: justify;\">Aos 54 anos, Vianna estava em seu segundo mandato na Alerj. Anteriormente, ele serviu ao Ex\u00e9rcito e fez carreira na Pol\u00edcia Militar. Sua carreira pol\u00edtica come\u00e7ou em 2004, quando se candidatou ao cargo de vereador em Campos dos Goytacazes e n\u00e3o foi eleito. J\u00e1 em 2008 e 2012, ele conquistou uma vaga na casa.<\/p>\n<p style=\"text-align: justify;\"><em>Fonte: Yahoo Not\u00edcias<\/em><\/p>\n","protected":false},"excerpt":{"rendered":"<p>Deputado estadual do Rio de Janeiro, Gil Vianna (PSL) faleceu na noite da \u00faltima ter\u00e7a-feira (19), v\u00edtima de Covid-19. Gil estava internado h\u00e1 uma semana e usou cloroquina em seu tratamento da doen\u00e7a, como \u00e9 procedimento no hospital da Unimed, em Campos dos Goytacazes, norte do Rio, onde estava internado.<\/p>\n","protected":false},"author":2,"featured_media":24374,"comment_status":"open","ping_status":"open","sticky":false,"template":"","format":"standard","meta":{"om_disable_all_campaigns":false,"_monsterinsights_skip_tracking":false,"_monsterinsights_sitenote_active":false,"_monsterinsights_sitenote_note":"","_monsterinsights_sitenote_category":0,"footnotes":""},"categories":[34,70,69,21,19],"tags":[93,3429,3486,350,169,1396,300],"class_list":["post-24373","post","type-post","status-publish","format-standard","has-post-thumbnail","hentry","category-brasil","category-destaques","category-noticias2","category-politica","category-saude","tag-brasil","tag-coronavirus","tag-covid-19","tag-deputado-estadual","tag-morte","tag-psl","tag-rio-de-janeiro"],"aioseo_notices":[],"_links":{"self":[{"href":"https:\/\/www.portalalerta.com.br\/index.php\/wp-json\/wp\/v2\/posts\/24373","targetHints":{"allow":["GET"]}}],"collection":[{"href":"https:\/\/www.portalalerta.com.br\/index.php\/wp-json\/wp\/v2\/posts"}],"about":[{"href":"https:\/\/www.portalalerta.com.br\/index.php\/wp-json\/wp\/v2\/types\/post"}],"author":[{"embeddable":true,"href":"https:\/\/www.portalalerta.com.br\/index.php\/wp-json\/wp\/v2\/users\/2"}],"replies":[{"embeddable":true,"href":"https:\/\/www.portalalerta.com.br\/index.php\/wp-json\/wp\/v2\/comments?post=24373"}],"version-history":[{"count":1,"href":"https:\/\/www.portalalerta.com.br\/index.php\/wp-json\/wp\/v2\/posts\/24373\/revisions"}],"predecessor-version":[{"id":24375,"href":"https:\/\/www.portalalerta.com.br\/index.php\/wp-json\/wp\/v2\/posts\/24373\/revisions\/24375"}],"wp:featuredmedia":[{"embeddable":true,"href":"https:\/\/www.portalalerta.com.br\/index.php\/wp-json\/wp\/v2\/media\/24374"}],"wp:attachment":[{"href":"https:\/\/www.portalalerta.com.br\/index.php\/wp-json\/wp\/v2\/media?parent=24373"}],"wp:term":[{"taxonomy":"category","embeddable":true,"href":"https:\/\/www.portalalerta.com.br\/index.php\/wp-json\/wp\/v2\/categories?post=24373"},{"taxonomy":"post_tag","embeddable":true,"href":"https:\/\/www.portalalerta.com.br\/index.php\/wp-json\/wp\/v2\/tags?post=24373"}],"curies":[{"name":"wp","href":"https:\/\/api.w.org\/{rel}","templated":true}]}}