{"id":24379,"date":"2020-05-21T13:40:06","date_gmt":"2020-05-21T16:40:06","guid":{"rendered":"https:\/\/www.portalalerta.com.br\/?p=24379"},"modified":"2020-05-21T13:40:06","modified_gmt":"2020-05-21T16:40:06","slug":"bahia-recebe-159-respiradores-que-ja-serao-utilizados-nesta-quinta","status":"publish","type":"post","link":"https:\/\/www.portalalerta.com.br\/index.php\/2020\/05\/21\/bahia-recebe-159-respiradores-que-ja-serao-utilizados-nesta-quinta\/","title":{"rendered":"Bahia recebe 159 respiradores que j\u00e1 ser\u00e3o utilizados nesta quinta"},"content":{"rendered":"<p style=\"text-align: justify;\">O Governo da Bahia recebeu uma carga com 159 respiradores mec\u00e2nicos, na noite de quarta (20). O material foi desembarcado no terminal de cargas da empresa Latam em Salvador e encaminhado a um dep\u00f3sito para posterior esteriliza\u00e7\u00e3o.<!--more--><\/p>\n<p style=\"text-align: justify;\">\u201cCom esses respiradores, n\u00f3s vamos montar leitos de UTI. S\u00e3o respiradores que, a partir de quinta [21], come\u00e7am a ser distribu\u00eddos nas nossas unidades hospitalares em Salvador e no interior do estado, em v\u00e1rias regi\u00f5es\u201d, afirmou Rui durante live nas redes sociais direto do aeroporto.<\/p>\n<p style=\"text-align: justify;\">Segundo o secret\u00e1rio da Sa\u00fade do Estado, F\u00e1bio Vilas-Boas, os equipamentos foram comprados de uma empresa do Rio Grande do Sul e a Bahia investiu mais de R$ 3,5 milh\u00f5es na aquisi\u00e7\u00e3o dos respiradores.<\/p>\n<p style=\"text-align: justify;\"><img fetchpriority=\"high\" decoding=\"async\" class=\"size-thumbnail wp-image-23589 aligncenter\" src=\"https:\/\/www.portalalerta.com.br\/wp-content\/uploads\/2020\/04\/real-acordo-720x93.jpg\" alt=\"\" width=\"720\" height=\"93\" \/>\u201cEsses equipamentos ser\u00e3o distribu\u00eddos para todas as unidades da capital e interior do estado. Os respiradores foram fabricados no Brasil e t\u00eam capacidade para ventilar todos os pacientes de coronav\u00edrus, incluindo adultos, crian\u00e7as e rec\u00e9m-natos, e tamb\u00e9m servem para transportar pacientes de uma unidade hospitalar para outra\u201d, explicou Vilas-Boas.<\/p>\n<p style=\"text-align: justify;\">\u201cA nossa previs\u00e3o \u00e9 de que j\u00e1 estejam [respiradores] em funcionamento na noite desta quinta-feira [21]\u201d, afirmou o secret\u00e1rio.<\/p>\n<p style=\"text-align: justify;\">Outras duas aquisi\u00e7\u00f5es de respiradores devem chegar ao estado nos pr\u00f3ximos dias. Uma das compras foi feita pelo Governo do Estado e outra pela Federa\u00e7\u00e3o das Ind\u00fastrias do Estado da Bahia (Fieb), totalizando 110 respiradores que vir\u00e3o da China. A outra compra foi feita com fornecedor da Inglaterra e tem previs\u00e3o de chegada no in\u00edcio da pr\u00f3xima semana.<\/p>\n<p style=\"text-align: justify;\"><em>Fonte: R\u00e1dio Povo<\/em><\/p>\n<p style=\"text-align: justify;\"><em>Com informa\u00e7\u00f5es: \u00a0Metro1<\/em><\/p>\n","protected":false},"excerpt":{"rendered":"<p>O Governo da Bahia recebeu uma carga com 159 respiradores mec\u00e2nicos, na noite de quarta (20). O material foi desembarcado no terminal de cargas da empresa Latam em Salvador e encaminhado a um dep\u00f3sito para posterior esteriliza\u00e7\u00e3o.<\/p>\n","protected":false},"author":2,"featured_media":24380,"comment_status":"open","ping_status":"open","sticky":false,"template":"","format":"standard","meta":{"om_disable_all_campaigns":false,"_monsterinsights_skip_tracking":false,"_monsterinsights_sitenote_active":false,"_monsterinsights_sitenote_note":"","_monsterinsights_sitenote_category":0,"footnotes":""},"categories":[33,70,69,21,19],"tags":[54,3429,3486,3572,61],"class_list":["post-24379","post","type-post","status-publish","format-standard","has-post-thumbnail","hentry","category-bahia","category-destaques","category-noticias2","category-politica","category-saude","tag-bahia","tag-coronavirus","tag-covid-19","tag-respiradores","tag-saude"],"aioseo_notices":[],"_links":{"self":[{"href":"https:\/\/www.portalalerta.com.br\/index.php\/wp-json\/wp\/v2\/posts\/24379","targetHints":{"allow":["GET"]}}],"collection":[{"href":"https:\/\/www.portalalerta.com.br\/index.php\/wp-json\/wp\/v2\/posts"}],"about":[{"href":"https:\/\/www.portalalerta.com.br\/index.php\/wp-json\/wp\/v2\/types\/post"}],"author":[{"embeddable":true,"href":"https:\/\/www.portalalerta.com.br\/index.php\/wp-json\/wp\/v2\/users\/2"}],"replies":[{"embeddable":true,"href":"https:\/\/www.portalalerta.com.br\/index.php\/wp-json\/wp\/v2\/comments?post=24379"}],"version-history":[{"count":1,"href":"https:\/\/www.portalalerta.com.br\/index.php\/wp-json\/wp\/v2\/posts\/24379\/revisions"}],"predecessor-version":[{"id":24381,"href":"https:\/\/www.portalalerta.com.br\/index.php\/wp-json\/wp\/v2\/posts\/24379\/revisions\/24381"}],"wp:featuredmedia":[{"embeddable":true,"href":"https:\/\/www.portalalerta.com.br\/index.php\/wp-json\/wp\/v2\/media\/24380"}],"wp:attachment":[{"href":"https:\/\/www.portalalerta.com.br\/index.php\/wp-json\/wp\/v2\/media?parent=24379"}],"wp:term":[{"taxonomy":"category","embeddable":true,"href":"https:\/\/www.portalalerta.com.br\/index.php\/wp-json\/wp\/v2\/categories?post=24379"},{"taxonomy":"post_tag","embeddable":true,"href":"https:\/\/www.portalalerta.com.br\/index.php\/wp-json\/wp\/v2\/tags?post=24379"}],"curies":[{"name":"wp","href":"https:\/\/api.w.org\/{rel}","templated":true}]}}