{"id":24382,"date":"2020-05-21T14:07:45","date_gmt":"2020-05-21T17:07:45","guid":{"rendered":"https:\/\/www.portalalerta.com.br\/?p=24382"},"modified":"2020-05-21T14:07:45","modified_gmt":"2020-05-21T17:07:45","slug":"ferias-escolares-de-instituicoes-municipais-sao-antecipadas-em-jeremoabo-ba","status":"publish","type":"post","link":"https:\/\/www.portalalerta.com.br\/index.php\/2020\/05\/21\/ferias-escolares-de-instituicoes-municipais-sao-antecipadas-em-jeremoabo-ba\/","title":{"rendered":"F\u00e9rias escolares de institui\u00e7\u00f5es Municipais s\u00e3o antecipadas em Jeremoabo-BA"},"content":{"rendered":"<p style=\"text-align: justify;\">O Prefeito Municipal emitiu o Decreto n.\u00ba 051\/2020 que disp\u00f5e sobre a prorroga\u00e7\u00e3o do prazo de medidas preventivas previstas no Decreto Municipal n.\u00ba 025\/2020.<!--more--><\/p>\n<p style=\"text-align: justify;\"><img fetchpriority=\"high\" decoding=\"async\" class=\"size-thumbnail wp-image-9394 alignleft\" src=\"https:\/\/www.portalalerta.com.br\/wp-content\/uploads\/2018\/07\/05elab-320x240.jpg\" alt=\"\" width=\"320\" height=\"240\" srcset=\"https:\/\/www.portalalerta.com.br\/wp-content\/uploads\/2018\/07\/05elab-320x240.jpg 320w, https:\/\/www.portalalerta.com.br\/wp-content\/uploads\/2018\/07\/05elab-195x146.jpg 195w, https:\/\/www.portalalerta.com.br\/wp-content\/uploads\/2018\/07\/05elab-50x38.jpg 50w, https:\/\/www.portalalerta.com.br\/wp-content\/uploads\/2018\/07\/05elab-100x75.jpg 100w, https:\/\/www.portalalerta.com.br\/wp-content\/uploads\/2018\/07\/05elab.jpg 400w\" sizes=\"(max-width: 320px) 100vw, 320px\" \/>Assim fica prorrogada, por 15 (quinze) dias, contados a partir de 19 de maio, \u00faltima ter\u00e7a-feira, a suspens\u00e3o do funcionamento de academias e demais estabelecimentos que desenvolvam atividades f\u00edsicas em geral.<\/p>\n<p style=\"text-align: justify;\">E tamb\u00e9m o mesmo Decreto antecipa o per\u00edodo de f\u00e9rias escolares dos meses de junho\/julho para toda a rede de ensino p\u00fablico municipal, que tamb\u00e9m teve in\u00edcio no \u00faltimo 19 de maio, at\u00e9 5 de junho de 2020.<\/p>\n<p style=\"text-align: justify;\">A medida segue caminho j\u00e1 tomado por in\u00fameros outros munic\u00edpios no Pa\u00eds em fun\u00e7\u00e3o da pandemia do Covid-19.<\/p>\n<p style=\"text-align: justify;\"><em>Fonte: Jeremoabo.com<\/em><\/p>\n","protected":false},"excerpt":{"rendered":"<p>O Prefeito Municipal emitiu o Decreto n.\u00ba 051\/2020 que disp\u00f5e sobre a prorroga\u00e7\u00e3o do prazo de medidas preventivas previstas no Decreto Municipal n.\u00ba 025\/2020.<\/p>\n","protected":false},"author":2,"featured_media":24383,"comment_status":"open","ping_status":"open","sticky":false,"template":"","format":"standard","meta":{"om_disable_all_campaigns":false,"_monsterinsights_skip_tracking":false,"_monsterinsights_sitenote_active":false,"_monsterinsights_sitenote_note":"","_monsterinsights_sitenote_category":0,"footnotes":""},"categories":[70,20,9,69,32,19],"tags":[2991,140,1806,230,145,61],"class_list":["post-24382","post","type-post","status-publish","format-standard","has-post-thumbnail","hentry","category-destaques","category-educacao","category-jeremoabo","category-noticias2","category-regiao","category-saude","tag-decreto-municipal","tag-educacao","tag-ferias","tag-jeremoabo","tag-prefeitura","tag-saude"],"aioseo_notices":[],"_links":{"self":[{"href":"https:\/\/www.portalalerta.com.br\/index.php\/wp-json\/wp\/v2\/posts\/24382","targetHints":{"allow":["GET"]}}],"collection":[{"href":"https:\/\/www.portalalerta.com.br\/index.php\/wp-json\/wp\/v2\/posts"}],"about":[{"href":"https:\/\/www.portalalerta.com.br\/index.php\/wp-json\/wp\/v2\/types\/post"}],"author":[{"embeddable":true,"href":"https:\/\/www.portalalerta.com.br\/index.php\/wp-json\/wp\/v2\/users\/2"}],"replies":[{"embeddable":true,"href":"https:\/\/www.portalalerta.com.br\/index.php\/wp-json\/wp\/v2\/comments?post=24382"}],"version-history":[{"count":1,"href":"https:\/\/www.portalalerta.com.br\/index.php\/wp-json\/wp\/v2\/posts\/24382\/revisions"}],"predecessor-version":[{"id":24384,"href":"https:\/\/www.portalalerta.com.br\/index.php\/wp-json\/wp\/v2\/posts\/24382\/revisions\/24384"}],"wp:featuredmedia":[{"embeddable":true,"href":"https:\/\/www.portalalerta.com.br\/index.php\/wp-json\/wp\/v2\/media\/24383"}],"wp:attachment":[{"href":"https:\/\/www.portalalerta.com.br\/index.php\/wp-json\/wp\/v2\/media?parent=24382"}],"wp:term":[{"taxonomy":"category","embeddable":true,"href":"https:\/\/www.portalalerta.com.br\/index.php\/wp-json\/wp\/v2\/categories?post=24382"},{"taxonomy":"post_tag","embeddable":true,"href":"https:\/\/www.portalalerta.com.br\/index.php\/wp-json\/wp\/v2\/tags?post=24382"}],"curies":[{"name":"wp","href":"https:\/\/api.w.org\/{rel}","templated":true}]}}