{"id":24385,"date":"2020-05-21T15:38:01","date_gmt":"2020-05-21T18:38:01","guid":{"rendered":"https:\/\/www.portalalerta.com.br\/?p=24385"},"modified":"2020-05-21T15:38:01","modified_gmt":"2020-05-21T18:38:01","slug":"gasolina-fica-12-mais-cara-nas-refinarias-da-petrobras-nesta-quinta","status":"publish","type":"post","link":"https:\/\/www.portalalerta.com.br\/index.php\/2020\/05\/21\/gasolina-fica-12-mais-cara-nas-refinarias-da-petrobras-nesta-quinta\/","title":{"rendered":"Gasolina fica 12% mais cara nas refinarias da Petrobras nesta quinta"},"content":{"rendered":"<p style=\"text-align: justify;\">A Petrobras aumentar\u00e1 os pre\u00e7os m\u00e9dios da gasolina em suas refinarias em 12% a partir desta quinta (21). Esta \u00e9 a terceira alta de maio e reflete uma recupera\u00e7\u00e3o recente das cota\u00e7\u00f5es do petr\u00f3leo e seus derivados no mercado externo. As outras atualiza\u00e7\u00f5es no pre\u00e7o da gasolina vendida pela estatal \u00e0s distribuidoras neste m\u00eas ocorreram nos dias 7 e 14, de 12% e 10%, respectivamente.<!--more--><\/p>\n<p style=\"text-align: justify;\"><img fetchpriority=\"high\" decoding=\"async\" class=\"size-thumbnail wp-image-4869 aligncenter\" src=\"https:\/\/www.portalalerta.com.br\/wp-content\/uploads\/2018\/02\/Auto-Escola-Nobre-720x181.jpg\" alt=\"\" width=\"720\" height=\"181\" srcset=\"https:\/\/www.portalalerta.com.br\/wp-content\/uploads\/2018\/02\/Auto-Escola-Nobre.jpg 720w, https:\/\/www.portalalerta.com.br\/wp-content\/uploads\/2018\/02\/Auto-Escola-Nobre-260x65.jpg 260w, https:\/\/www.portalalerta.com.br\/wp-content\/uploads\/2018\/02\/Auto-Escola-Nobre-50x13.jpg 50w, https:\/\/www.portalalerta.com.br\/wp-content\/uploads\/2018\/02\/Auto-Escola-Nobre-150x38.jpg 150w\" sizes=\"(max-width: 720px) 100vw, 720px\" \/>Os reajustes ocorrem ap\u00f3s o pre\u00e7o do petr\u00f3leo Brent, refer\u00eancia internacional, ter avan\u00e7ado tamb\u00e9m cerca de 40% em maio, reagindo a cortes de produ\u00e7\u00e3o de grandes produtores e a um relaxamento de medidas de isolamento contra o coronav\u00edrus em pa\u00edses da Europa e nos Estados Unidos.<\/p>\n<p style=\"text-align: justify;\">A estatal tamb\u00e9m j\u00e1 informou um reajuste no diesel de 8% aplicado a partir da \u00faltima ter\u00e7a-feira (19).<\/p>\n<p style=\"text-align: justify;\"><em>Fonte: R\u00e1dio Povo<\/em><\/p>\n<p style=\"text-align: justify;\"><em>Com informa\u00e7\u00f5es: Metro1<\/em><\/p>\n","protected":false},"excerpt":{"rendered":"<p>A Petrobras aumentar\u00e1 os pre\u00e7os m\u00e9dios da gasolina em suas refinarias em 12% a partir desta quinta (21). Esta \u00e9 a terceira alta de maio e reflete uma recupera\u00e7\u00e3o recente das cota\u00e7\u00f5es do petr\u00f3leo e seus derivados no mercado externo. As outras atualiza\u00e7\u00f5es no pre\u00e7o da gasolina vendida pela estatal \u00e0s distribuidoras neste m\u00eas ocorreram &hellip;<\/p>\n","protected":false},"author":2,"featured_media":24386,"comment_status":"open","ping_status":"open","sticky":false,"template":"","format":"standard","meta":{"om_disable_all_campaigns":false,"_monsterinsights_skip_tracking":false,"_monsterinsights_sitenote_active":false,"_monsterinsights_sitenote_note":"","_monsterinsights_sitenote_category":0,"footnotes":""},"categories":[34,70,69],"tags":[93,273,3426,329,401],"class_list":["post-24385","post","type-post","status-publish","format-standard","has-post-thumbnail","hentry","category-brasil","category-destaques","category-noticias2","tag-brasil","tag-combustivel","tag-gasolina","tag-petrobras","tag-reajuste-de-precos"],"aioseo_notices":[],"_links":{"self":[{"href":"https:\/\/www.portalalerta.com.br\/index.php\/wp-json\/wp\/v2\/posts\/24385","targetHints":{"allow":["GET"]}}],"collection":[{"href":"https:\/\/www.portalalerta.com.br\/index.php\/wp-json\/wp\/v2\/posts"}],"about":[{"href":"https:\/\/www.portalalerta.com.br\/index.php\/wp-json\/wp\/v2\/types\/post"}],"author":[{"embeddable":true,"href":"https:\/\/www.portalalerta.com.br\/index.php\/wp-json\/wp\/v2\/users\/2"}],"replies":[{"embeddable":true,"href":"https:\/\/www.portalalerta.com.br\/index.php\/wp-json\/wp\/v2\/comments?post=24385"}],"version-history":[{"count":1,"href":"https:\/\/www.portalalerta.com.br\/index.php\/wp-json\/wp\/v2\/posts\/24385\/revisions"}],"predecessor-version":[{"id":24387,"href":"https:\/\/www.portalalerta.com.br\/index.php\/wp-json\/wp\/v2\/posts\/24385\/revisions\/24387"}],"wp:featuredmedia":[{"embeddable":true,"href":"https:\/\/www.portalalerta.com.br\/index.php\/wp-json\/wp\/v2\/media\/24386"}],"wp:attachment":[{"href":"https:\/\/www.portalalerta.com.br\/index.php\/wp-json\/wp\/v2\/media?parent=24385"}],"wp:term":[{"taxonomy":"category","embeddable":true,"href":"https:\/\/www.portalalerta.com.br\/index.php\/wp-json\/wp\/v2\/categories?post=24385"},{"taxonomy":"post_tag","embeddable":true,"href":"https:\/\/www.portalalerta.com.br\/index.php\/wp-json\/wp\/v2\/tags?post=24385"}],"curies":[{"name":"wp","href":"https:\/\/api.w.org\/{rel}","templated":true}]}}