{"id":24388,"date":"2020-05-21T15:50:14","date_gmt":"2020-05-21T18:50:14","guid":{"rendered":"https:\/\/www.portalalerta.com.br\/?p=24388"},"modified":"2020-05-21T15:50:14","modified_gmt":"2020-05-21T18:50:14","slug":"antas-ba-registra-primeiro-caso-de-coronavirus-e-euclides-da-cunha-ba-chega-ao-setimo","status":"publish","type":"post","link":"https:\/\/www.portalalerta.com.br\/index.php\/2020\/05\/21\/antas-ba-registra-primeiro-caso-de-coronavirus-e-euclides-da-cunha-ba-chega-ao-setimo\/","title":{"rendered":"Antas-BA registra primeiro caso de coronav\u00edrus, e Euclides da Cunha-BA chega ao s\u00e9timo"},"content":{"rendered":"<p style=\"text-align: justify;\">Nesta ter\u00e7a-feira (19) foram registrados novos casos de Covid-19 em munic\u00edpios do Nordeste Baiano a partir da realiza\u00e7\u00e3o de testes r\u00e1pidos, aparelhos que tem colaborado para a detec\u00e7\u00e3o mais c\u00e9lere de casos da doen\u00e7a, o que h\u00e1 semanas atr\u00e1s n\u00e3o vinha ocorrendo, j\u00e1 que as amostras precisavam ser encaminhadas ao Lacen (Laborat\u00f3rio Central de Sa\u00fade P\u00fablica) em Salvador e demoravam.<!--more--><\/p>\n<p style=\"text-align: justify;\">Uma jovem de 19 anos de idade, que retornou da cidade de S\u00e3o Paulo e foi submetida a um desses testes \u00e9 o primeiro caso positivo do coronav\u00edrus em Antas. De acordo com a secret\u00e1ria municipal de Sa\u00fade, Ma\u00edra Nilo, a paciente chegou ao munic\u00edpio seis dias atr\u00e1s e j\u00e1 estava sob monitoramento: \u201cEla continua em isolamento domiciliar e sendo monitorada por toda nossa equipe\u201d.<\/p>\n<p style=\"text-align: justify;\"><img fetchpriority=\"high\" decoding=\"async\" class=\"size-thumbnail wp-image-23589 aligncenter\" src=\"https:\/\/www.portalalerta.com.br\/wp-content\/uploads\/2020\/04\/real-acordo-720x93.jpg\" alt=\"\" width=\"720\" height=\"93\" \/>J\u00e1 Euclides da Cunha, que confirmou o primeiro caso positivo da doen\u00e7a ainda no in\u00edcio de abril, chegou nesta ter\u00e7a ao s\u00e9timo caso; tamb\u00e9m por teste r\u00e1pido, um paciente idoso positivou para o novo coronav\u00edrus. Ele \u00e9 oriundo do estado de S\u00e3o Paulo e teria sido atendido em Euclides da Cunha ap\u00f3s uma passagem por Fortaleza, capital do Cear\u00e1, onde h\u00e1 o segundo maior n\u00famero de casos do Brasil, segundo \u00faltimo boletim epidemiol\u00f3gico divulgado pelo Minist\u00e9rio da Sa\u00fade.<\/p>\n<p style=\"text-align: justify;\">Ele foi submetido ao atendimento m\u00e9dico na cidade ap\u00f3s manifestar falta de ar e dor no corpo, e ap\u00f3s passar pelo teste, foi constatada a positividade do paciente para o coronav\u00edrus; o mesmo segue passando por cuidados m\u00e9dicos e em isolamento. Das sete pessoas infectadas por Covid-19 em Euclides da Cunha, uma j\u00e1 est\u00e1 curada.<\/p>\n<p style=\"text-align: justify;\"><em>Fonte: Sert\u00e3o em Pauta<\/em><\/p>\n","protected":false},"excerpt":{"rendered":"<p>Nesta ter\u00e7a-feira (19) foram registrados novos casos de Covid-19 em munic\u00edpios do Nordeste Baiano a partir da realiza\u00e7\u00e3o de testes r\u00e1pidos, aparelhos que tem colaborado para a detec\u00e7\u00e3o mais c\u00e9lere de casos da doen\u00e7a, o que h\u00e1 semanas atr\u00e1s n\u00e3o vinha ocorrendo, j\u00e1 que as amostras precisavam ser encaminhadas ao Lacen (Laborat\u00f3rio Central de Sa\u00fade &hellip;<\/p>\n","protected":false},"author":2,"featured_media":21912,"comment_status":"open","ping_status":"open","sticky":false,"template":"","format":"standard","meta":{"om_disable_all_campaigns":false,"_monsterinsights_skip_tracking":false,"_monsterinsights_sitenote_active":false,"_monsterinsights_sitenote_note":"","_monsterinsights_sitenote_category":0,"footnotes":""},"categories":[5,70,17,69,32,19],"tags":[71,3429,3486,129,61],"class_list":["post-24388","post","type-post","status-publish","format-standard","has-post-thumbnail","hentry","category-antas","category-destaques","category-euclides-da-cunha","category-noticias2","category-regiao","category-saude","tag-antas","tag-coronavirus","tag-covid-19","tag-euclides-da-cunha","tag-saude"],"aioseo_notices":[],"_links":{"self":[{"href":"https:\/\/www.portalalerta.com.br\/index.php\/wp-json\/wp\/v2\/posts\/24388","targetHints":{"allow":["GET"]}}],"collection":[{"href":"https:\/\/www.portalalerta.com.br\/index.php\/wp-json\/wp\/v2\/posts"}],"about":[{"href":"https:\/\/www.portalalerta.com.br\/index.php\/wp-json\/wp\/v2\/types\/post"}],"author":[{"embeddable":true,"href":"https:\/\/www.portalalerta.com.br\/index.php\/wp-json\/wp\/v2\/users\/2"}],"replies":[{"embeddable":true,"href":"https:\/\/www.portalalerta.com.br\/index.php\/wp-json\/wp\/v2\/comments?post=24388"}],"version-history":[{"count":1,"href":"https:\/\/www.portalalerta.com.br\/index.php\/wp-json\/wp\/v2\/posts\/24388\/revisions"}],"predecessor-version":[{"id":24389,"href":"https:\/\/www.portalalerta.com.br\/index.php\/wp-json\/wp\/v2\/posts\/24388\/revisions\/24389"}],"wp:featuredmedia":[{"embeddable":true,"href":"https:\/\/www.portalalerta.com.br\/index.php\/wp-json\/wp\/v2\/media\/21912"}],"wp:attachment":[{"href":"https:\/\/www.portalalerta.com.br\/index.php\/wp-json\/wp\/v2\/media?parent=24388"}],"wp:term":[{"taxonomy":"category","embeddable":true,"href":"https:\/\/www.portalalerta.com.br\/index.php\/wp-json\/wp\/v2\/categories?post=24388"},{"taxonomy":"post_tag","embeddable":true,"href":"https:\/\/www.portalalerta.com.br\/index.php\/wp-json\/wp\/v2\/tags?post=24388"}],"curies":[{"name":"wp","href":"https:\/\/api.w.org\/{rel}","templated":true}]}}