{"id":24392,"date":"2020-05-21T16:19:47","date_gmt":"2020-05-21T19:19:47","guid":{"rendered":"https:\/\/www.portalalerta.com.br\/?p=24392"},"modified":"2020-05-21T16:19:47","modified_gmt":"2020-05-21T19:19:47","slug":"subsidios-de-vereadores-pombalenses-sao-repassados-ao-municipio-para-o-combate-ao-covid-19","status":"publish","type":"post","link":"https:\/\/www.portalalerta.com.br\/index.php\/2020\/05\/21\/subsidios-de-vereadores-pombalenses-sao-repassados-ao-municipio-para-o-combate-ao-covid-19\/","title":{"rendered":"Subs\u00eddios de vereadores pombalenses s\u00e3o repassados ao munic\u00edpio para o Combate ao Covid-19"},"content":{"rendered":"<p style=\"text-align: justify;\">Conforme amplamente divulgado anteriormente, a C\u00e2mara de Vereadores de Ribeira do Pombal repassou nesta quarta-feira, 20, \u00e0 Prefeitura Municipal, a doa\u00e7\u00e3o feita pelos vereadores de 100% dos seus respectivos subs\u00eddios l\u00edquidos, em atendimento a Lei Municipal 785\/2020. A quantia repassada foi de R$ 55.031,21 (cinquenta e cinco mil, trinta e um reais e vinte e centavos), referente ao m\u00eas de maio, o que ocorrer\u00e1 tamb\u00e9m no m\u00eas de junho.\u00a0<!--more--><\/p>\n<p style=\"text-align: justify;\"><img fetchpriority=\"high\" decoding=\"async\" class=\"size-thumbnail wp-image-4869 aligncenter\" src=\"https:\/\/www.portalalerta.com.br\/wp-content\/uploads\/2018\/02\/Auto-Escola-Nobre-720x181.jpg\" alt=\"\" width=\"720\" height=\"181\" srcset=\"https:\/\/www.portalalerta.com.br\/wp-content\/uploads\/2018\/02\/Auto-Escola-Nobre.jpg 720w, https:\/\/www.portalalerta.com.br\/wp-content\/uploads\/2018\/02\/Auto-Escola-Nobre-260x65.jpg 260w, https:\/\/www.portalalerta.com.br\/wp-content\/uploads\/2018\/02\/Auto-Escola-Nobre-50x13.jpg 50w, https:\/\/www.portalalerta.com.br\/wp-content\/uploads\/2018\/02\/Auto-Escola-Nobre-150x38.jpg 150w\" sizes=\"(max-width: 720px) 100vw, 720px\" \/>O recurso doado dever\u00e1 ser aplicado em a\u00e7\u00f5es de combate ao Coronav\u00edrus, como compra de insumos e equipamentos, alimentos ou pagamento de profissionais da sa\u00fade. O prefeito dever\u00e1 prestar contas da aplica\u00e7\u00e3o do recurso no prazo de 60 dias do recebimento.<\/p>\n<p style=\"text-align: justify;\"><em>Fonte: Joilson Costa,\u00a0<\/em><\/p>\n","protected":false},"excerpt":{"rendered":"<p>Conforme amplamente divulgado anteriormente, a C\u00e2mara de Vereadores de Ribeira do Pombal repassou nesta quarta-feira, 20, \u00e0 Prefeitura Municipal, a doa\u00e7\u00e3o feita pelos vereadores de 100% dos seus respectivos subs\u00eddios l\u00edquidos, em atendimento a Lei Municipal 785\/2020. A quantia repassada foi de R$ 55.031,21 (cinquenta e cinco mil, trinta e um reais e vinte e &hellip;<\/p>\n","protected":false},"author":2,"featured_media":20489,"comment_status":"open","ping_status":"open","sticky":false,"template":"","format":"standard","meta":{"om_disable_all_campaigns":false,"_monsterinsights_skip_tracking":false,"_monsterinsights_sitenote_active":false,"_monsterinsights_sitenote_note":"","_monsterinsights_sitenote_category":0,"footnotes":""},"categories":[70,69,21,32,3,19],"tags":[3429,3486,3577,199,47,61,135],"class_list":["post-24392","post","type-post","status-publish","format-standard","has-post-thumbnail","hentry","category-destaques","category-noticias2","category-politica","category-regiao","category-ribeira-do-pombal","category-saude","tag-coronavirus","tag-covid-19","tag-doacao-de-subsidios","tag-politica","tag-ribeira-do-pombal","tag-saude","tag-vereadores"],"aioseo_notices":[],"_links":{"self":[{"href":"https:\/\/www.portalalerta.com.br\/index.php\/wp-json\/wp\/v2\/posts\/24392","targetHints":{"allow":["GET"]}}],"collection":[{"href":"https:\/\/www.portalalerta.com.br\/index.php\/wp-json\/wp\/v2\/posts"}],"about":[{"href":"https:\/\/www.portalalerta.com.br\/index.php\/wp-json\/wp\/v2\/types\/post"}],"author":[{"embeddable":true,"href":"https:\/\/www.portalalerta.com.br\/index.php\/wp-json\/wp\/v2\/users\/2"}],"replies":[{"embeddable":true,"href":"https:\/\/www.portalalerta.com.br\/index.php\/wp-json\/wp\/v2\/comments?post=24392"}],"version-history":[{"count":1,"href":"https:\/\/www.portalalerta.com.br\/index.php\/wp-json\/wp\/v2\/posts\/24392\/revisions"}],"predecessor-version":[{"id":24393,"href":"https:\/\/www.portalalerta.com.br\/index.php\/wp-json\/wp\/v2\/posts\/24392\/revisions\/24393"}],"wp:featuredmedia":[{"embeddable":true,"href":"https:\/\/www.portalalerta.com.br\/index.php\/wp-json\/wp\/v2\/media\/20489"}],"wp:attachment":[{"href":"https:\/\/www.portalalerta.com.br\/index.php\/wp-json\/wp\/v2\/media?parent=24392"}],"wp:term":[{"taxonomy":"category","embeddable":true,"href":"https:\/\/www.portalalerta.com.br\/index.php\/wp-json\/wp\/v2\/categories?post=24392"},{"taxonomy":"post_tag","embeddable":true,"href":"https:\/\/www.portalalerta.com.br\/index.php\/wp-json\/wp\/v2\/tags?post=24392"}],"curies":[{"name":"wp","href":"https:\/\/api.w.org\/{rel}","templated":true}]}}