{"id":24444,"date":"2020-05-22T16:27:53","date_gmt":"2020-05-22T19:27:53","guid":{"rendered":"https:\/\/www.portalalerta.com.br\/?p=24444"},"modified":"2020-05-22T16:27:53","modified_gmt":"2020-05-22T19:27:53","slug":"mais-um-paciente-com-covid-19-e-curado-em-ribeira-do-pombal-ba","status":"publish","type":"post","link":"https:\/\/www.portalalerta.com.br\/index.php\/2020\/05\/22\/mais-um-paciente-com-covid-19-e-curado-em-ribeira-do-pombal-ba\/","title":{"rendered":"Mais um paciente com Covid-19 \u00e9 curado em Ribeira do Pombal-BA"},"content":{"rendered":"<p style=\"text-align: justify;\">No in\u00edcio da tarde desta sexta-feira, 22, a Secretaria Municipal de Sa\u00fade de Ribeira do Pombal-BA divulgou mais um Boletim Epidemiol\u00f3gico, com dados referentes ao Covid-19 (Coronav\u00edrus), na cidade.<!--more--><\/p>\n<p style=\"text-align: justify;\"><img fetchpriority=\"high\" decoding=\"async\" class=\"size-thumbnail wp-image-9394 alignleft\" src=\"https:\/\/www.portalalerta.com.br\/wp-content\/uploads\/2018\/07\/05elab-320x240.jpg\" alt=\"\" width=\"320\" height=\"240\" srcset=\"https:\/\/www.portalalerta.com.br\/wp-content\/uploads\/2018\/07\/05elab-320x240.jpg 320w, https:\/\/www.portalalerta.com.br\/wp-content\/uploads\/2018\/07\/05elab-195x146.jpg 195w, https:\/\/www.portalalerta.com.br\/wp-content\/uploads\/2018\/07\/05elab-50x38.jpg 50w, https:\/\/www.portalalerta.com.br\/wp-content\/uploads\/2018\/07\/05elab-100x75.jpg 100w, https:\/\/www.portalalerta.com.br\/wp-content\/uploads\/2018\/07\/05elab.jpg 400w\" sizes=\"(max-width: 320px) 100vw, 320px\" \/>Desde o in\u00edcio da pandemia, 12 pessoas foram testadas positivamente para a doen\u00e7a no munic\u00edpio. 07 delas (58%), j\u00e1 foram curadas. Apenas quatro se encontram em isolamento domiciliar, sem apresentar sintomas graves; e um idoso com registros de comorbidades evoluiu a \u00f3bito. Nenhum dos pacientes, exceto o idoso que faleceu, necessitou ser internado.<\/p>\n<p style=\"text-align: justify;\">Ao todo 333 pessoas tiveram seus respectivos exames negativados, sendo 62 RT-PCR, e 271 testes r\u00e1pidos. Vale ressaltar que seis pessoas ainda aguardam os resultados de exames realizados no Laborat\u00f3rio Central do Estado (LACEN).<\/p>\n<p style=\"text-align: justify;\">Desde o in\u00edcio do Monitoramento realizado pelo munic\u00edpio, 1.969 pessoas oriunda de regi\u00f5es consideradas de alto \u00edndice de cont\u00e1gio, chegaram \u00e0 cidade. Somente do \u00faltimo boletim divulgado na \u00faltima quinta-feira, 21, para o atual, foi registrada a chegada de mais 33 pessoas que se enquadram em tal situa\u00e7\u00e3o. Atualmente 417 pessoas permanecem sendo monitoradas, enquanto 1.552 j\u00e1 tiveram alta.<\/p>\n<p style=\"text-align: justify;\"><em>Reda\u00e7\u00e3o: Portal Alerta<\/em><\/p>\n<p style=\"text-align: justify;\"><strong><em>#fiqueemcasa<\/em><\/strong><\/p>\n","protected":false},"excerpt":{"rendered":"<p>No in\u00edcio da tarde desta sexta-feira, 22, a Secretaria Municipal de Sa\u00fade de Ribeira do Pombal-BA divulgou mais um Boletim Epidemiol\u00f3gico, com dados referentes ao Covid-19 (Coronav\u00edrus), na cidade.<\/p>\n","protected":false},"author":2,"featured_media":24445,"comment_status":"open","ping_status":"open","sticky":false,"template":"","format":"standard","meta":{"om_disable_all_campaigns":false,"_monsterinsights_skip_tracking":false,"_monsterinsights_sitenote_active":false,"_monsterinsights_sitenote_note":"","_monsterinsights_sitenote_category":0,"footnotes":""},"categories":[70,69,32,3,19],"tags":[3429,3486,3454,47,61],"class_list":["post-24444","post","type-post","status-publish","format-standard","has-post-thumbnail","hentry","category-destaques","category-noticias2","category-regiao","category-ribeira-do-pombal","category-saude","tag-coronavirus","tag-covid-19","tag-cura","tag-ribeira-do-pombal","tag-saude"],"aioseo_notices":[],"_links":{"self":[{"href":"https:\/\/www.portalalerta.com.br\/index.php\/wp-json\/wp\/v2\/posts\/24444","targetHints":{"allow":["GET"]}}],"collection":[{"href":"https:\/\/www.portalalerta.com.br\/index.php\/wp-json\/wp\/v2\/posts"}],"about":[{"href":"https:\/\/www.portalalerta.com.br\/index.php\/wp-json\/wp\/v2\/types\/post"}],"author":[{"embeddable":true,"href":"https:\/\/www.portalalerta.com.br\/index.php\/wp-json\/wp\/v2\/users\/2"}],"replies":[{"embeddable":true,"href":"https:\/\/www.portalalerta.com.br\/index.php\/wp-json\/wp\/v2\/comments?post=24444"}],"version-history":[{"count":1,"href":"https:\/\/www.portalalerta.com.br\/index.php\/wp-json\/wp\/v2\/posts\/24444\/revisions"}],"predecessor-version":[{"id":24446,"href":"https:\/\/www.portalalerta.com.br\/index.php\/wp-json\/wp\/v2\/posts\/24444\/revisions\/24446"}],"wp:featuredmedia":[{"embeddable":true,"href":"https:\/\/www.portalalerta.com.br\/index.php\/wp-json\/wp\/v2\/media\/24445"}],"wp:attachment":[{"href":"https:\/\/www.portalalerta.com.br\/index.php\/wp-json\/wp\/v2\/media?parent=24444"}],"wp:term":[{"taxonomy":"category","embeddable":true,"href":"https:\/\/www.portalalerta.com.br\/index.php\/wp-json\/wp\/v2\/categories?post=24444"},{"taxonomy":"post_tag","embeddable":true,"href":"https:\/\/www.portalalerta.com.br\/index.php\/wp-json\/wp\/v2\/tags?post=24444"}],"curies":[{"name":"wp","href":"https:\/\/api.w.org\/{rel}","templated":true}]}}