{"id":24447,"date":"2020-05-22T19:51:22","date_gmt":"2020-05-22T22:51:22","guid":{"rendered":"https:\/\/www.portalalerta.com.br\/?p=24447"},"modified":"2020-05-22T19:51:22","modified_gmt":"2020-05-22T22:51:22","slug":"celso-de-mello-decide-divulgar-video-de-reuniao-entre-moro-e-bolsonaro","status":"publish","type":"post","link":"https:\/\/www.portalalerta.com.br\/index.php\/2020\/05\/22\/celso-de-mello-decide-divulgar-video-de-reuniao-entre-moro-e-bolsonaro\/","title":{"rendered":"Celso de Mello decide divulgar v\u00eddeo de reuni\u00e3o entre Moro e Bolsonaro"},"content":{"rendered":"<p style=\"text-align: justify;\">O ministro do\u00a0Supremo Tribunal Federal (STF), Celso de Mello, decidiu, na tarde desta sexta-feira (22), divulgar o v\u00eddeo da reuni\u00e3o ministerial no dia 22 de abril, quando o\u00a0presidente Jair Bolsonaro\u00a0teria manifestado abertamente a inten\u00e7\u00e3o de interferir na Pol\u00edcia Federal, segundo acusa\u00e7\u00f5es do\u00a0ex-ministro da Justi\u00e7a Sergio Moro. Depois de longa espera, o decano optou pela divulga\u00e7\u00e3o do v\u00eddeo.<!--more--><\/p>\n<p style=\"text-align: justify;\">&#8220;Determino o levantamento da nota de sigilo imposta em despacho por mim proferido no dia 08\/05\/2020 (Peti\u00e7\u00e3o n\u00ba 29.860\/2020), liberando integralmente, em consequ\u00eancia, tanto o conte\u00fado do v\u00eddeo da reuni\u00e3o ministerial de 22\/04\/2020, no Pal\u00e1cio do Planalto, quanto o teor da degrava\u00e7\u00e3o referente a mencionado encontro de Ministros de Estado e de outras autoridades&#8221;, escreveu o ministro na decis\u00e3o.<\/p>\n<p style=\"text-align: justify;\">A AGU havia pedido ao STF que fossem tornados p\u00fablicos apenas os trechos do v\u00eddeo da reuni\u00e3o com as falas de Bolsonaro, e que permanecessem em sigilo as demais declara\u00e7\u00f5es do presidente e de ministros. A defesa de Moro defendia a divulga\u00e7\u00e3o integral, para que n\u00e3o houvesse \u201comiss\u00e3o do contexto e de trechos relevantes para a adequada compreens\u00e3o do que ocorreu na reuni\u00e3o &#8211; inclusive, na parte da \u2018seguran\u00e7a do RJ\u2019\u201d.<\/p>\n<p style=\"text-align: justify;\">Um inqu\u00e9rito no Supremo apura a den\u00fancia do ex-ministro da Justi\u00e7a de interfer\u00eancia pol\u00edtica na PF.<\/p>\n<p style=\"text-align: justify;\"><img fetchpriority=\"high\" decoding=\"async\" class=\"size-thumbnail wp-image-4869 aligncenter\" src=\"https:\/\/www.portalalerta.com.br\/wp-content\/uploads\/2018\/02\/Auto-Escola-Nobre-720x181.jpg\" alt=\"\" width=\"720\" height=\"181\" srcset=\"https:\/\/www.portalalerta.com.br\/wp-content\/uploads\/2018\/02\/Auto-Escola-Nobre.jpg 720w, https:\/\/www.portalalerta.com.br\/wp-content\/uploads\/2018\/02\/Auto-Escola-Nobre-260x65.jpg 260w, https:\/\/www.portalalerta.com.br\/wp-content\/uploads\/2018\/02\/Auto-Escola-Nobre-50x13.jpg 50w, https:\/\/www.portalalerta.com.br\/wp-content\/uploads\/2018\/02\/Auto-Escola-Nobre-150x38.jpg 150w\" sizes=\"(max-width: 720px) 100vw, 720px\" \/>Sergio\u00a0Moro pediu demiss\u00e3o\u00a0no \u00faltimo dia 24 de abril, por n\u00e3o concordar com a decis\u00e3o do presidente de demitir o ent\u00e3o diretor-geral da Pol\u00edcia Federal,\u00a0Maur\u00edcio Valeixo, para nomear\u00a0Alexandre Ramagem, delegado pr\u00f3ximo \u00e0 fam\u00edlia do presidente.<\/p>\n<p style=\"text-align: justify;\"><strong>\u201cN\u00c3O VOU ESPERAR F\u2026 MINHA FAM\u00cdLIA\u201d<\/strong><\/p>\n<p style=\"text-align: justify;\">&#8220;Eu n\u00e3o posso ser surpreendido com not\u00edcias. P\u00f4, eu tenho a PF que n\u00e3o me d\u00e1 informa\u00e7\u00f5es; eu tenho as intelig\u00eancias das For\u00e7as Armadas que n\u00e3o t\u00eam informa\u00e7\u00f5es: a Abin tem os seus problemas, tem algumas informa\u00e7\u00f5es, s\u00f3 n\u00e3o tem mais porque t\u00e1 faltando realmente&#8230; temos problemas&#8230; aparelhamento, etc. A gente n\u00e3o pode viver sem informa\u00e7\u00e3o&#8221;.<\/p>\n<p style=\"text-align: justify;\">O trecho faz parte da\u00a0transcri\u00e7\u00e3o do v\u00eddeo da reuni\u00e3o\u00a0ministerial do dia 22 de abril, divulgada pela Advocacia-Geral da Uni\u00e3o (AGU), no qual o presidente Jair Bolsonaro reclama da falta de informa\u00e7\u00f5es recebidas da Pol\u00edcia Federal, For\u00e7as Armadas e Ag\u00eancia Brasileira de Intelig\u00eancia (Abin) e, por isso, iria interferir\u201d, sem especificar em qual \u00f3rg\u00e3o.<\/p>\n<p style=\"text-align: justify;\">Bolsonaro ainda complementa: &#8220;E n\u00e3o estamos tendo. E me desculpe o servi\u00e7o de informa\u00e7\u00e3o nosso \u2014 todos \u2014 \u00e9 uma vergonha, uma vergonha, que eu n\u00e3o sou informado, e n\u00e3o d\u00e1 para trabalhar assim, fica dif\u00edcil. Por isso, vou interferir. Ponto final. N\u00e3o \u00e9 amea\u00e7a, n\u00e3o \u00e9 extrapola\u00e7\u00e3o da minha parte. \u00c9 uma verdade&#8221;.<\/p>\n<p style=\"text-align: justify;\">De acordo com a transcri\u00e7\u00e3o, o presidente faz uma segunda declara\u00e7\u00e3o:<\/p>\n<p style=\"text-align: justify;\">&#8220;J\u00e1 tentei trocar gente da seguran\u00e7a nossa no Rio de Janeiro oficialmente e n\u00e3o consegui. Isso acabou. Eu n\u00e3o vou\u00a0esperar f&#8230; minha fam\u00edlia toda de sacanagem, ou amigo meu, porque eu n\u00e3o posso trocar algu\u00e9m da seguran\u00e7a na ponta da linha que pertence \u00e0 estrutura. Vai trocar; se n\u00e3o puder trocar, troca o chefe dele; n\u00e3o pode trocar o chefe, troca o ministro. E ponto final. N\u00e3o estamos aqui para brincadeira\u201d.<\/p>\n<p style=\"text-align: justify;\">A AGU diz que o \u00f3rg\u00e3o respons\u00e1vel pela seguran\u00e7a do presidente e sua fam\u00edlia \u00e9 a Abin, vinculada ao Gabinete de Seguran\u00e7a Institucional. Em depoimento \u00e0 PF, Moro alega que Bolsonaro estava na verdade se referindo \u00e0 superintend\u00eancia da Pol\u00edcia Federal no Rio de Janeiro &#8211; estado que \u00e9 reduto eleitoral dele e onde h\u00e1 investiga\u00e7\u00f5es sens\u00edveis ao interesse de sua fam\u00edlia conduzidas pela PF ou \u00f3rg\u00e3os estaduais.<\/p>\n<p style=\"text-align: justify;\">Em agosto de 2019, Bolsonaro j\u00e1 havia tentado trocar o superintendente do Rio de Janeiro, mas Moro conseguiu impor um nome de sua confian\u00e7a.\u00a0Ricardo Saadi\u00a0foi substitu\u00eddo por\u00a0Carlos Henrique Oliveira\u00a0Sousa. Com a demiss\u00e3o de Valeixo, o novo diretor-geral,\u00a0Rolando de Souza, indicado por Alexandre Ramagem, nomeou\u00a0T\u00e1cio Muzzi\u00a0para o lugar de Oliveira.<\/p>\n<p style=\"text-align: justify;\"><em>Fonte: Yahoo Not\u00edcias<\/em><\/p>\n","protected":false},"excerpt":{"rendered":"<p>O ministro do\u00a0Supremo Tribunal Federal (STF), Celso de Mello, decidiu, na tarde desta sexta-feira (22), divulgar o v\u00eddeo da reuni\u00e3o ministerial no dia 22 de abril, quando o\u00a0presidente Jair Bolsonaro\u00a0teria manifestado abertamente a inten\u00e7\u00e3o de interferir na Pol\u00edcia Federal, segundo acusa\u00e7\u00f5es do\u00a0ex-ministro da Justi\u00e7a Sergio Moro. Depois de longa espera, o decano optou pela divulga\u00e7\u00e3o &hellip;<\/p>\n","protected":false},"author":2,"featured_media":24069,"comment_status":"open","ping_status":"open","sticky":false,"template":"","format":"standard","meta":{"om_disable_all_campaigns":false,"_monsterinsights_skip_tracking":false,"_monsterinsights_sitenote_active":false,"_monsterinsights_sitenote_note":"","_monsterinsights_sitenote_category":0,"footnotes":""},"categories":[34,70,69,21],"tags":[93,3670,199,3671,3655,216],"class_list":["post-24447","post","type-post","status-publish","format-standard","has-post-thumbnail","hentry","category-brasil","category-destaques","category-noticias2","category-politica","tag-brasil","tag-celso-de-melo","tag-politica","tag-quebra-de-sigilo","tag-reuniao-ministerial","tag-stf"],"aioseo_notices":[],"_links":{"self":[{"href":"https:\/\/www.portalalerta.com.br\/index.php\/wp-json\/wp\/v2\/posts\/24447","targetHints":{"allow":["GET"]}}],"collection":[{"href":"https:\/\/www.portalalerta.com.br\/index.php\/wp-json\/wp\/v2\/posts"}],"about":[{"href":"https:\/\/www.portalalerta.com.br\/index.php\/wp-json\/wp\/v2\/types\/post"}],"author":[{"embeddable":true,"href":"https:\/\/www.portalalerta.com.br\/index.php\/wp-json\/wp\/v2\/users\/2"}],"replies":[{"embeddable":true,"href":"https:\/\/www.portalalerta.com.br\/index.php\/wp-json\/wp\/v2\/comments?post=24447"}],"version-history":[{"count":1,"href":"https:\/\/www.portalalerta.com.br\/index.php\/wp-json\/wp\/v2\/posts\/24447\/revisions"}],"predecessor-version":[{"id":24448,"href":"https:\/\/www.portalalerta.com.br\/index.php\/wp-json\/wp\/v2\/posts\/24447\/revisions\/24448"}],"wp:featuredmedia":[{"embeddable":true,"href":"https:\/\/www.portalalerta.com.br\/index.php\/wp-json\/wp\/v2\/media\/24069"}],"wp:attachment":[{"href":"https:\/\/www.portalalerta.com.br\/index.php\/wp-json\/wp\/v2\/media?parent=24447"}],"wp:term":[{"taxonomy":"category","embeddable":true,"href":"https:\/\/www.portalalerta.com.br\/index.php\/wp-json\/wp\/v2\/categories?post=24447"},{"taxonomy":"post_tag","embeddable":true,"href":"https:\/\/www.portalalerta.com.br\/index.php\/wp-json\/wp\/v2\/tags?post=24447"}],"curies":[{"name":"wp","href":"https:\/\/api.w.org\/{rel}","templated":true}]}}