{"id":24453,"date":"2020-05-22T20:09:27","date_gmt":"2020-05-22T23:09:27","guid":{"rendered":"https:\/\/www.portalalerta.com.br\/?p=24453"},"modified":"2020-05-22T20:09:27","modified_gmt":"2020-05-22T23:09:27","slug":"mec-estende-prazo-das-inscricoes-do-enem-ate-o-proximo-dia-27-exame-ainda-nao-tem-data-definida","status":"publish","type":"post","link":"https:\/\/www.portalalerta.com.br\/index.php\/2020\/05\/22\/mec-estende-prazo-das-inscricoes-do-enem-ate-o-proximo-dia-27-exame-ainda-nao-tem-data-definida\/","title":{"rendered":"MEC estende prazo das inscri\u00e7\u00f5es do Enem at\u00e9 o pr\u00f3ximo dia 27; Exame ainda n\u00e3o tem data definida"},"content":{"rendered":"<p style=\"text-align: justify;\">O ministro da Educa\u00e7\u00e3o,\u00a0Abraham Weintraub, anunciou pelo Twitter nesta sexta-feira (22) que o prazo das inscri\u00e7\u00f5es para o Exame Nacional do Ensino M\u00e9dio (Enem) foi estendido at\u00e9 as 23h59 da pr\u00f3xima quarta-feira, dia 27 de maio.<!--more--><\/p>\n<p style=\"text-align: justify;\">De acordo com o ministro, os boletos de inscri\u00e7\u00e3o poder\u00e3o ser pagos at\u00e9 o dia 28, quinta-feira.<\/p>\n<p style=\"text-align: justify;\">As datas de realiza\u00e7\u00e3o do exame, que inicialmente seria aplicado em novembro, tamb\u00e9m ser\u00e3o adiadas por causa da\u00a0pandemia do novo coronav\u00edrus. Ainda n\u00e3o h\u00e1 uma nova data definida.<\/p>\n<p style=\"text-align: justify;\">Decidimos prorrogar o prazo das inscri\u00e7\u00f5es do Enem at\u00e9 23h59 de quarta-feira, 27 de maio. Os boletos da taxa da prova poder\u00e3o ser pagos at\u00e9 28\/05. Os candidatos devem ficar atentos \u00e0 confirma\u00e7\u00e3o da inscri\u00e7\u00e3o na P\u00e1gina do Participante, do\u00a0<a href=\"https:\/\/twitter.com\/inep_oficial?ref_src=twsrc%5Etfw\">@inep_oficial<\/a>.<\/p>\n<p style=\"text-align: justify;\">\u2014 Abraham Weintraub (@AbrahamWeint)\u00a0<a href=\"https:\/\/twitter.com\/AbrahamWeint\/status\/1263868736769003520?ref_src=twsrc%5Etfw\">May 22, 2020<\/a><\/p>\n<p style=\"text-align: justify;\"><img fetchpriority=\"high\" decoding=\"async\" class=\"size-thumbnail wp-image-9394 alignleft\" src=\"https:\/\/www.portalalerta.com.br\/wp-content\/uploads\/2018\/07\/05elab-320x240.jpg\" alt=\"\" width=\"320\" height=\"240\" srcset=\"https:\/\/www.portalalerta.com.br\/wp-content\/uploads\/2018\/07\/05elab-320x240.jpg 320w, https:\/\/www.portalalerta.com.br\/wp-content\/uploads\/2018\/07\/05elab-195x146.jpg 195w, https:\/\/www.portalalerta.com.br\/wp-content\/uploads\/2018\/07\/05elab-50x38.jpg 50w, https:\/\/www.portalalerta.com.br\/wp-content\/uploads\/2018\/07\/05elab-100x75.jpg 100w, https:\/\/www.portalalerta.com.br\/wp-content\/uploads\/2018\/07\/05elab.jpg 400w\" sizes=\"(max-width: 320px) 100vw, 320px\" \/>Sem citar como o MEC pretende resolver os problemas t\u00e9cnicos encontrados pelos alunos que vem tentando se inscrever, Weintraub anunciou a medida em uma rede social.<\/p>\n<p style=\"text-align: justify;\">&#8220;Decidimos prorrogar o prazo das inscri\u00e7\u00f5es do Enem at\u00e9 23h59 de quarta-feira, 27 de maio. Os boletos da taxa da prova poder\u00e3o ser pagos at\u00e9 28\/05. Os candidatos devem ficar atentos \u00e0 confirma\u00e7\u00e3o da inscri\u00e7\u00e3o na P\u00e1gina do Participante, do @inep_oficial&#8221;, afirmou Weintraub, em uma rede social&#8221;, escreveu o ministro.<\/p>\n<p style=\"text-align: justify;\">O prazo se encerraria nesta sexta-feira, dia 22. Nesta quinta-feira (21), Weintraub informou em seu Twitter o mais recente n\u00famero de candidatos inscritos no Exame Nacional do Ensino M\u00e9dio (Enem). Segundo ele, s\u00e3o 4.536.701 inscri\u00e7\u00f5es para a vers\u00e3o impressa do exame, al\u00e9m de 101.100 para o digital, totalizando 4.637.801.<\/p>\n<p style=\"text-align: justify;\"><strong>Confira no oficial do INEP:<\/strong><\/p>\n<p style=\"text-align: justify;\"><em>&#8220;NOTA OFICIAL | Adiamento do Enem 2020<\/em><\/p>\n<p style=\"text-align: justify;\"><em>Atento \u00e0s demandas da sociedade e \u00e0s manifesta\u00e7\u00f5es do Poder Legislativo em fun\u00e7\u00e3o do impacto da pandemia do coronav\u00edrus no Exame Nacional do Ensino M\u00e9dio (Enem) 2020, o Instituto Nacional de Estudos e Pesquisas Educacionais An\u00edsio Teixeira (Inep) e o Minist\u00e9rio da Educa\u00e7\u00e3o (MEC) decidiram pelo adiamento da aplica\u00e7\u00e3o dos exames nas vers\u00f5es impressa e digital. As datas ser\u00e3o adiadas de 30 a 60 dias em rela\u00e7\u00e3o ao que foi previsto nos editais.<\/em><\/p>\n<p style=\"text-align: justify;\"><em>Para tanto, o Inep promover\u00e1 uma enquete direcionada aos inscritos do Enem 2020, a ser realizada em junho, por meio da P\u00e1gina do Participante. As inscri\u00e7\u00f5es para o exame seguem abertas at\u00e9 as 23h59 desta sexta-feira, 22 de maio.&#8221;<\/em><\/p>\n<p style=\"text-align: justify;\"><em>Fonte: Yahoo Not\u00edcias<\/em><\/p>\n","protected":false},"excerpt":{"rendered":"<p>O ministro da Educa\u00e7\u00e3o,\u00a0Abraham Weintraub, anunciou pelo Twitter nesta sexta-feira (22) que o prazo das inscri\u00e7\u00f5es para o Exame Nacional do Ensino M\u00e9dio (Enem) foi estendido at\u00e9 as 23h59 da pr\u00f3xima quarta-feira, dia 27 de maio.<\/p>\n","protected":false},"author":2,"featured_media":4029,"comment_status":"open","ping_status":"open","sticky":false,"template":"","format":"standard","meta":{"om_disable_all_campaigns":false,"_monsterinsights_skip_tracking":false,"_monsterinsights_sitenote_active":false,"_monsterinsights_sitenote_note":"","_monsterinsights_sitenote_category":0,"footnotes":""},"categories":[34,70,20,69],"tags":[93,220,1866,1896],"class_list":["post-24453","post","type-post","status-publish","format-standard","has-post-thumbnail","hentry","category-brasil","category-destaques","category-educacao","category-noticias2","tag-brasil","tag-enem","tag-inep","tag-inscricoes"],"aioseo_notices":[],"_links":{"self":[{"href":"https:\/\/www.portalalerta.com.br\/index.php\/wp-json\/wp\/v2\/posts\/24453","targetHints":{"allow":["GET"]}}],"collection":[{"href":"https:\/\/www.portalalerta.com.br\/index.php\/wp-json\/wp\/v2\/posts"}],"about":[{"href":"https:\/\/www.portalalerta.com.br\/index.php\/wp-json\/wp\/v2\/types\/post"}],"author":[{"embeddable":true,"href":"https:\/\/www.portalalerta.com.br\/index.php\/wp-json\/wp\/v2\/users\/2"}],"replies":[{"embeddable":true,"href":"https:\/\/www.portalalerta.com.br\/index.php\/wp-json\/wp\/v2\/comments?post=24453"}],"version-history":[{"count":1,"href":"https:\/\/www.portalalerta.com.br\/index.php\/wp-json\/wp\/v2\/posts\/24453\/revisions"}],"predecessor-version":[{"id":24454,"href":"https:\/\/www.portalalerta.com.br\/index.php\/wp-json\/wp\/v2\/posts\/24453\/revisions\/24454"}],"wp:featuredmedia":[{"embeddable":true,"href":"https:\/\/www.portalalerta.com.br\/index.php\/wp-json\/wp\/v2\/media\/4029"}],"wp:attachment":[{"href":"https:\/\/www.portalalerta.com.br\/index.php\/wp-json\/wp\/v2\/media?parent=24453"}],"wp:term":[{"taxonomy":"category","embeddable":true,"href":"https:\/\/www.portalalerta.com.br\/index.php\/wp-json\/wp\/v2\/categories?post=24453"},{"taxonomy":"post_tag","embeddable":true,"href":"https:\/\/www.portalalerta.com.br\/index.php\/wp-json\/wp\/v2\/tags?post=24453"}],"curies":[{"name":"wp","href":"https:\/\/api.w.org\/{rel}","templated":true}]}}