{"id":24455,"date":"2020-05-22T20:15:35","date_gmt":"2020-05-22T23:15:35","guid":{"rendered":"https:\/\/www.portalalerta.com.br\/?p=24455"},"modified":"2020-05-22T20:29:47","modified_gmt":"2020-05-22T23:29:47","slug":"ribeira-do-pombal-ba-se-torna-pioneira-na-regiao-ao-inaugurar-pronto-atendimento-de-covid-19","status":"publish","type":"post","link":"https:\/\/www.portalalerta.com.br\/index.php\/2020\/05\/22\/ribeira-do-pombal-ba-se-torna-pioneira-na-regiao-ao-inaugurar-pronto-atendimento-de-covid-19\/","title":{"rendered":"Ribeira do Pombal-BA se torna pioneira na regi\u00e3o, ao inaugurar Pronto Atendimento de COVID-19"},"content":{"rendered":"<p style=\"text-align: justify;\">Foi inaugurado nesta sexta-feira, 22, o Pronto Atendimento de Covid-19, para pacientes infectados com Covid-19 (Coronav\u00edrus), que porventura necessitem de um atendimento especial.<!--more--><\/p>\n<p style=\"text-align: justify;\">O espa\u00e7o disp\u00f5e seis leitos de enfermaria, e tr\u00eas leitos de estabiliza\u00e7\u00e3o, que contam com equipamentos modernos para os primeiros atendimentos a poss\u00edveis interna\u00e7\u00f5es. Al\u00e9m disso foi disponibilizada uma UTI M\u00f3vel. Tudo isso ficar\u00e1 dispon\u00edvel 24 horas para pacientes pombalenses.<\/p>\n<p style=\"text-align: justify;\"><img fetchpriority=\"high\" decoding=\"async\" class=\"size-thumbnail wp-image-4869 aligncenter\" src=\"https:\/\/www.portalalerta.com.br\/wp-content\/uploads\/2018\/02\/Auto-Escola-Nobre-720x181.jpg\" alt=\"\" width=\"720\" height=\"181\" srcset=\"https:\/\/www.portalalerta.com.br\/wp-content\/uploads\/2018\/02\/Auto-Escola-Nobre.jpg 720w, https:\/\/www.portalalerta.com.br\/wp-content\/uploads\/2018\/02\/Auto-Escola-Nobre-260x65.jpg 260w, https:\/\/www.portalalerta.com.br\/wp-content\/uploads\/2018\/02\/Auto-Escola-Nobre-50x13.jpg 50w, https:\/\/www.portalalerta.com.br\/wp-content\/uploads\/2018\/02\/Auto-Escola-Nobre-150x38.jpg 150w\" sizes=\"(max-width: 720px) 100vw, 720px\" \/>Vale ressaltar, que o espa\u00e7o chegou a ser cedido para o COISAN (Cons\u00f3rcio Interfederativo de Sa\u00fade Nordeste II), por\u00e9m ap\u00f3s o Governador Rui Costa afirmar que o Hospital Geral Santa Tereza n\u00e3o teria condi\u00e7\u00f5es de atender pacientes com Covid-19, Ricardo Maia decidiu pela cria\u00e7\u00e3o do referido Pronto Atendimento, tornando o munic\u00edpio pioneiro na regi\u00e3o.<\/p>\n<p style=\"text-align: justify;\">A inaugura\u00e7\u00e3o foi marcada por cerim\u00f4nia simples, sem aglomera\u00e7\u00e3o de pessoas, tendo presentes, o prefeito, Ricardo Maia, a Secret\u00e1ria de Sa\u00fade, Lakcelma Costa, profissionais de sa\u00fade, e o padre Jos\u00e9 Ant\u00f4nio, que aben\u00e7oou \u00a0o evento.<\/p>\n<p style=\"text-align: justify;\"><img decoding=\"async\" class=\"aligncenter wp-image-24456 size-full\" src=\"https:\/\/www.portalalerta.com.br\/wp-content\/uploads\/2020\/05\/Pronto-atendimento-ao-Covid19-em-Ribeira-do-Pombal-2020.1.jpg\" alt=\"\" width=\"720\" height=\"540\" srcset=\"https:\/\/www.portalalerta.com.br\/wp-content\/uploads\/2020\/05\/Pronto-atendimento-ao-Covid19-em-Ribeira-do-Pombal-2020.1.jpg 720w, https:\/\/www.portalalerta.com.br\/wp-content\/uploads\/2020\/05\/Pronto-atendimento-ao-Covid19-em-Ribeira-do-Pombal-2020.1-320x240.jpg 320w, https:\/\/www.portalalerta.com.br\/wp-content\/uploads\/2020\/05\/Pronto-atendimento-ao-Covid19-em-Ribeira-do-Pombal-2020.1-195x146.jpg 195w, https:\/\/www.portalalerta.com.br\/wp-content\/uploads\/2020\/05\/Pronto-atendimento-ao-Covid19-em-Ribeira-do-Pombal-2020.1-50x38.jpg 50w, https:\/\/www.portalalerta.com.br\/wp-content\/uploads\/2020\/05\/Pronto-atendimento-ao-Covid19-em-Ribeira-do-Pombal-2020.1-100x75.jpg 100w\" sizes=\"(max-width: 720px) 100vw, 720px\" \/>\u201cHoje n\u00f3s temos uma unidade que vai funcionar 24h por dia, com leitos de enfermaria, estabiliza\u00e7\u00e3o e uma UTI M\u00f3vel. Nossa preocupa\u00e7\u00e3o \u00e9 essa: busca sempre mais investimento para cuidar bem das pessoas\u201d, afirmou Ricardo.<\/p>\n<p>Conhe\u00e7a um pouco mais da Unidade de Pronto Atendimento:<\/p>\n<div style=\"width: 1280px;\" class=\"wp-video\"><!--[if lt IE 9]><script>document.createElement('video');<\/script><![endif]-->\n<video class=\"wp-video-shortcode\" id=\"video-24455-1\" width=\"1280\" height=\"720\" preload=\"metadata\" controls=\"controls\"><source type=\"video\/mp4\" src=\"https:\/\/www.portalalerta.com.br\/wp-content\/uploads\/2020\/05\/Pronto-atendimento-ao-Covid19-em-Ribeira-do-Pombal-2020.mp4?_=1\" \/><a href=\"https:\/\/www.portalalerta.com.br\/wp-content\/uploads\/2020\/05\/Pronto-atendimento-ao-Covid19-em-Ribeira-do-Pombal-2020.mp4\">https:\/\/www.portalalerta.com.br\/wp-content\/uploads\/2020\/05\/Pronto-atendimento-ao-Covid19-em-Ribeira-do-Pombal-2020.mp4<\/a><\/video><\/div>\n<p style=\"text-align: justify;\"><em>Reda\u00e7\u00e3o: Portal Alerta<\/em><\/p>\n<p style=\"text-align: justify;\"><strong><em>#fiqueemcasa<\/em><\/strong><\/p>\n","protected":false},"excerpt":{"rendered":"<p>Foi inaugurado nesta sexta-feira, 22, o Pronto Atendimento de Covid-19, para pacientes infectados com Covid-19 (Coronav\u00edrus), que porventura necessitem de um atendimento especial.<\/p>\n","protected":false},"author":2,"featured_media":24457,"comment_status":"open","ping_status":"open","sticky":false,"template":"","format":"standard","meta":{"om_disable_all_campaigns":false,"_monsterinsights_skip_tracking":false,"_monsterinsights_sitenote_active":false,"_monsterinsights_sitenote_note":"","_monsterinsights_sitenote_category":0,"footnotes":""},"categories":[70,69,32,3,19],"tags":[3429,3486,1536,3672,47],"class_list":["post-24455","post","type-post","status-publish","format-standard","has-post-thumbnail","hentry","category-destaques","category-noticias2","category-regiao","category-ribeira-do-pombal","category-saude","tag-coronavirus","tag-covid-19","tag-inauguracao","tag-pronto-atendimento","tag-ribeira-do-pombal"],"aioseo_notices":[],"_links":{"self":[{"href":"https:\/\/www.portalalerta.com.br\/index.php\/wp-json\/wp\/v2\/posts\/24455","targetHints":{"allow":["GET"]}}],"collection":[{"href":"https:\/\/www.portalalerta.com.br\/index.php\/wp-json\/wp\/v2\/posts"}],"about":[{"href":"https:\/\/www.portalalerta.com.br\/index.php\/wp-json\/wp\/v2\/types\/post"}],"author":[{"embeddable":true,"href":"https:\/\/www.portalalerta.com.br\/index.php\/wp-json\/wp\/v2\/users\/2"}],"replies":[{"embeddable":true,"href":"https:\/\/www.portalalerta.com.br\/index.php\/wp-json\/wp\/v2\/comments?post=24455"}],"version-history":[{"count":3,"href":"https:\/\/www.portalalerta.com.br\/index.php\/wp-json\/wp\/v2\/posts\/24455\/revisions"}],"predecessor-version":[{"id":24461,"href":"https:\/\/www.portalalerta.com.br\/index.php\/wp-json\/wp\/v2\/posts\/24455\/revisions\/24461"}],"wp:featuredmedia":[{"embeddable":true,"href":"https:\/\/www.portalalerta.com.br\/index.php\/wp-json\/wp\/v2\/media\/24457"}],"wp:attachment":[{"href":"https:\/\/www.portalalerta.com.br\/index.php\/wp-json\/wp\/v2\/media?parent=24455"}],"wp:term":[{"taxonomy":"category","embeddable":true,"href":"https:\/\/www.portalalerta.com.br\/index.php\/wp-json\/wp\/v2\/categories?post=24455"},{"taxonomy":"post_tag","embeddable":true,"href":"https:\/\/www.portalalerta.com.br\/index.php\/wp-json\/wp\/v2\/tags?post=24455"}],"curies":[{"name":"wp","href":"https:\/\/api.w.org\/{rel}","templated":true}]}}