{"id":24462,"date":"2020-05-23T11:34:44","date_gmt":"2020-05-23T14:34:44","guid":{"rendered":"https:\/\/www.portalalerta.com.br\/?p=24462"},"modified":"2020-05-23T11:34:44","modified_gmt":"2020-05-23T14:34:44","slug":"celso-de-mello-manda-a-pgr-pedido-de-apreensao-de-celular-de-bolsonaro-e-do-filho-carlos","status":"publish","type":"post","link":"https:\/\/www.portalalerta.com.br\/index.php\/2020\/05\/23\/celso-de-mello-manda-a-pgr-pedido-de-apreensao-de-celular-de-bolsonaro-e-do-filho-carlos\/","title":{"rendered":"Celso de Mello manda \u00e0 PGR pedido de apreens\u00e3o de celular de Bolsonaro e do filho Carlos"},"content":{"rendered":"<p style=\"text-align: justify;\">\u00a0O ministro do Supremo Tribunal Federal (STF) Celso de Mello mandou para a Procuradoria Geral da Rep\u00fablica not\u00edcias crimes que pede depoimentos do\u00a0presidente Jair Bolsonaro, al\u00e9m de busca e apreens\u00e3o dos celulares dele e do filho Carlos Bolsonaro. Os aparelhos passar\u00e3o por per\u00edcia. As informa\u00e7\u00f5es s\u00e3o do portal G1.<!--more--><\/p>\n<p style=\"text-align: justify;\">As not\u00edcias-crime foram apresentadas por partidos e parlamentares, que querem desdobramentos das investiga\u00e7\u00f5es sobre a poss\u00edvel interfer\u00eancia do presidente da Rep\u00fablica na Pol\u00edcia Federal, conforme denunciado pelo ex-ministro\u00a0Sergio Moro.<\/p>\n<p style=\"text-align: justify;\"><img fetchpriority=\"high\" decoding=\"async\" class=\"size-thumbnail wp-image-23589 aligncenter\" src=\"https:\/\/www.portalalerta.com.br\/wp-content\/uploads\/2020\/04\/real-acordo-720x93.jpg\" alt=\"\" width=\"720\" height=\"93\" \/>De acordo com o G1, os despachos foram feitos na quinta-feira. Neles, Celso de Mello afirmou que \u00e9 \u201cimprescind\u00edvel a apura\u00e7\u00e3o dos fatos delatados, quaisquer que possam ser as pessoas alegadamente envolvidas, ainda que se trate de algu\u00e9m investido de autoridade na hierarquia da Rep\u00fablica\u201d.<\/p>\n<p style=\"text-align: justify;\">Celso de Mello, relator do caso no Supremo, mandou os casos para que a PGR os analise e afirmou que \u00e9 papel da Procuradoria Geral da Rep\u00fablica analisar os fatos colocados.<\/p>\n<p style=\"text-align: justify;\">H\u00e1 expectativa para que, nesta sexta-feira, o ministro decida sobre a\u00a0divulga\u00e7\u00e3o do v\u00eddeo\u00a0da reuni\u00e3o ministerial citada por Sergio Moro em depoimento. Segundo o ex-ministro, no encontro, o presidente Jair Bolsonaro deixa claro que tinha inten\u00e7\u00f5es de interferir na Pol\u00edcia Federal no Rio de Janeiro.<\/p>\n<p style=\"text-align: justify;\"><em>Fonte: Yahoo Not\u00edcias<\/em><\/p>\n","protected":false},"excerpt":{"rendered":"<p>\u00a0O ministro do Supremo Tribunal Federal (STF) Celso de Mello mandou para a Procuradoria Geral da Rep\u00fablica not\u00edcias crimes que pede depoimentos do\u00a0presidente Jair Bolsonaro, al\u00e9m de busca e apreens\u00e3o dos celulares dele e do filho Carlos Bolsonaro. Os aparelhos passar\u00e3o por per\u00edcia. As informa\u00e7\u00f5es s\u00e3o do portal G1.<\/p>\n","protected":false},"author":2,"featured_media":24463,"comment_status":"open","ping_status":"open","sticky":false,"template":"","format":"standard","meta":{"om_disable_all_campaigns":false,"_monsterinsights_skip_tracking":false,"_monsterinsights_sitenote_active":false,"_monsterinsights_sitenote_note":"","_monsterinsights_sitenote_category":0,"footnotes":""},"categories":[34,70,69,21],"tags":[3673,143,93,2759,3670,1395,411,216],"class_list":["post-24462","post","type-post","status-publish","format-standard","has-post-thumbnail","hentry","category-brasil","category-destaques","category-noticias2","category-politica","tag-aparelho-celular","tag-apreensao","tag-brasil","tag-carlos-bolsonaro","tag-celso-de-melo","tag-jair-bolsonaro","tag-pgr","tag-stf"],"aioseo_notices":[],"_links":{"self":[{"href":"https:\/\/www.portalalerta.com.br\/index.php\/wp-json\/wp\/v2\/posts\/24462","targetHints":{"allow":["GET"]}}],"collection":[{"href":"https:\/\/www.portalalerta.com.br\/index.php\/wp-json\/wp\/v2\/posts"}],"about":[{"href":"https:\/\/www.portalalerta.com.br\/index.php\/wp-json\/wp\/v2\/types\/post"}],"author":[{"embeddable":true,"href":"https:\/\/www.portalalerta.com.br\/index.php\/wp-json\/wp\/v2\/users\/2"}],"replies":[{"embeddable":true,"href":"https:\/\/www.portalalerta.com.br\/index.php\/wp-json\/wp\/v2\/comments?post=24462"}],"version-history":[{"count":1,"href":"https:\/\/www.portalalerta.com.br\/index.php\/wp-json\/wp\/v2\/posts\/24462\/revisions"}],"predecessor-version":[{"id":24464,"href":"https:\/\/www.portalalerta.com.br\/index.php\/wp-json\/wp\/v2\/posts\/24462\/revisions\/24464"}],"wp:featuredmedia":[{"embeddable":true,"href":"https:\/\/www.portalalerta.com.br\/index.php\/wp-json\/wp\/v2\/media\/24463"}],"wp:attachment":[{"href":"https:\/\/www.portalalerta.com.br\/index.php\/wp-json\/wp\/v2\/media?parent=24462"}],"wp:term":[{"taxonomy":"category","embeddable":true,"href":"https:\/\/www.portalalerta.com.br\/index.php\/wp-json\/wp\/v2\/categories?post=24462"},{"taxonomy":"post_tag","embeddable":true,"href":"https:\/\/www.portalalerta.com.br\/index.php\/wp-json\/wp\/v2\/tags?post=24462"}],"curies":[{"name":"wp","href":"https:\/\/api.w.org\/{rel}","templated":true}]}}