{"id":24468,"date":"2020-05-23T11:57:32","date_gmt":"2020-05-23T14:57:32","guid":{"rendered":"https:\/\/www.portalalerta.com.br\/?p=24468"},"modified":"2020-05-23T11:57:32","modified_gmt":"2020-05-23T14:57:32","slug":"america-do-sul-se-tornou-o-novo-epicentro-da-covid-19-e-brasil-e-o-pais-mais-afetado-diz-oms","status":"publish","type":"post","link":"https:\/\/www.portalalerta.com.br\/index.php\/2020\/05\/23\/america-do-sul-se-tornou-o-novo-epicentro-da-covid-19-e-brasil-e-o-pais-mais-afetado-diz-oms\/","title":{"rendered":"Am\u00e9rica do Sul se tornou o novo epicentro da Covid-19 e Brasil \u00e9 o pa\u00eds mais afetado, diz OMS"},"content":{"rendered":"<p style=\"text-align: justify;\">O diretor do programa de emerg\u00eancias da Organiza\u00e7\u00e3o Mundial de Sa\u00fade (OMS), Michael Ryan, declarou nesta sexta-feira (22) que a Am\u00e9rica do Sul se tornou o novo epicentro da pandemia de Covid-19, a doen\u00e7a causada pelo novo coronav\u00edrus.<!--more--><\/p>\n<p style=\"text-align: justify;\"><img fetchpriority=\"high\" decoding=\"async\" class=\"size-thumbnail wp-image-4869 aligncenter\" src=\"https:\/\/www.portalalerta.com.br\/wp-content\/uploads\/2018\/02\/Auto-Escola-Nobre-720x181.jpg\" alt=\"\" width=\"720\" height=\"181\" srcset=\"https:\/\/www.portalalerta.com.br\/wp-content\/uploads\/2018\/02\/Auto-Escola-Nobre.jpg 720w, https:\/\/www.portalalerta.com.br\/wp-content\/uploads\/2018\/02\/Auto-Escola-Nobre-260x65.jpg 260w, https:\/\/www.portalalerta.com.br\/wp-content\/uploads\/2018\/02\/Auto-Escola-Nobre-50x13.jpg 50w, https:\/\/www.portalalerta.com.br\/wp-content\/uploads\/2018\/02\/Auto-Escola-Nobre-150x38.jpg 150w\" sizes=\"(max-width: 720px) 100vw, 720px\" \/>A entidade foi questionada se estava oferecendo algum tipo de assist\u00eancia direta ao Brasil, que registrou um recorde de mortes di\u00e1rias na quinta-feira (21), com 1.188 mortes em 24 horas, segundo balan\u00e7o do Minist\u00e9rio da Sa\u00fade. Mais de 20 mil pessoas j\u00e1 morreram no pa\u00eds de Covid-19. \u201cEm termos de resposta, nossos colegas na Opas [bra\u00e7o da OMS nas Am\u00e9ricas] est\u00e3o fornecendo ajuda direta ao governo e a muitos dos estados que est\u00e3o sendo duramente afetados, incluindo o Amazonas\u201d, afirmou Michael Ryan. \u201cMas em termos de taxas de ataque, as mais altas est\u00e3o, na verdade, no Amazonas: cerca de 490 pessoas infectadas para cada 100 mil habitantes, que \u00e9 uma taxa de ataque bem alta\u201d, comentou. \u201cDe certa forma, a Am\u00e9rica do Sul se tornou um novo epicentro para a doen\u00e7a, vimos muitos pa\u00edses sul-americanos com aumento do n\u00famero de casos, e claramente h\u00e1 preocupa\u00e7\u00e3o em muitos desses pa\u00edses, mas certamente o mais afetado \u00e9 o Brasil neste momento\u201d, declarou Ryan.<\/p>\n<p style=\"text-align: justify;\">O diretor de emerg\u00eancias refor\u00e7ou, tamb\u00e9m, que a organiza\u00e7\u00e3o n\u00e3o recomenda o uso da cloroquina ou da hidroxicloroquina para tratar a doen\u00e7a.<\/p>\n<p style=\"text-align: justify;\"><em>Fonte: Not\u00edcias de SantaLuz<\/em><\/p>\n","protected":false},"excerpt":{"rendered":"<p>O diretor do programa de emerg\u00eancias da Organiza\u00e7\u00e3o Mundial de Sa\u00fade (OMS), Michael Ryan, declarou nesta sexta-feira (22) que a Am\u00e9rica do Sul se tornou o novo epicentro da pandemia de Covid-19, a doen\u00e7a causada pelo novo coronav\u00edrus.<\/p>\n","protected":false},"author":2,"featured_media":23484,"comment_status":"open","ping_status":"open","sticky":false,"template":"","format":"standard","meta":{"om_disable_all_campaigns":false,"_monsterinsights_skip_tracking":false,"_monsterinsights_sitenote_active":false,"_monsterinsights_sitenote_note":"","_monsterinsights_sitenote_category":0,"footnotes":""},"categories":[34,70,35,69,19],"tags":[2367,93,3429,3486,2954,61],"class_list":["post-24468","post","type-post","status-publish","format-standard","has-post-thumbnail","hentry","category-brasil","category-destaques","category-mundo","category-noticias2","category-saude","tag-america-do-sul","tag-brasil","tag-coronavirus","tag-covid-19","tag-oms","tag-saude"],"aioseo_notices":[],"_links":{"self":[{"href":"https:\/\/www.portalalerta.com.br\/index.php\/wp-json\/wp\/v2\/posts\/24468","targetHints":{"allow":["GET"]}}],"collection":[{"href":"https:\/\/www.portalalerta.com.br\/index.php\/wp-json\/wp\/v2\/posts"}],"about":[{"href":"https:\/\/www.portalalerta.com.br\/index.php\/wp-json\/wp\/v2\/types\/post"}],"author":[{"embeddable":true,"href":"https:\/\/www.portalalerta.com.br\/index.php\/wp-json\/wp\/v2\/users\/2"}],"replies":[{"embeddable":true,"href":"https:\/\/www.portalalerta.com.br\/index.php\/wp-json\/wp\/v2\/comments?post=24468"}],"version-history":[{"count":1,"href":"https:\/\/www.portalalerta.com.br\/index.php\/wp-json\/wp\/v2\/posts\/24468\/revisions"}],"predecessor-version":[{"id":24469,"href":"https:\/\/www.portalalerta.com.br\/index.php\/wp-json\/wp\/v2\/posts\/24468\/revisions\/24469"}],"wp:featuredmedia":[{"embeddable":true,"href":"https:\/\/www.portalalerta.com.br\/index.php\/wp-json\/wp\/v2\/media\/23484"}],"wp:attachment":[{"href":"https:\/\/www.portalalerta.com.br\/index.php\/wp-json\/wp\/v2\/media?parent=24468"}],"wp:term":[{"taxonomy":"category","embeddable":true,"href":"https:\/\/www.portalalerta.com.br\/index.php\/wp-json\/wp\/v2\/categories?post=24468"},{"taxonomy":"post_tag","embeddable":true,"href":"https:\/\/www.portalalerta.com.br\/index.php\/wp-json\/wp\/v2\/tags?post=24468"}],"curies":[{"name":"wp","href":"https:\/\/api.w.org\/{rel}","templated":true}]}}