{"id":24470,"date":"2020-05-23T12:21:03","date_gmt":"2020-05-23T15:21:03","guid":{"rendered":"https:\/\/www.portalalerta.com.br\/?p=24470"},"modified":"2020-05-23T12:21:03","modified_gmt":"2020-05-23T15:21:03","slug":"ex-prefeito-ze-grilo-tem-contas-rejeitadas-na-camara-de-vereadores-de-ribeira-do-pombal-ba","status":"publish","type":"post","link":"https:\/\/www.portalalerta.com.br\/index.php\/2020\/05\/23\/ex-prefeito-ze-grilo-tem-contas-rejeitadas-na-camara-de-vereadores-de-ribeira-do-pombal-ba\/","title":{"rendered":"Ex prefeito Z\u00e9 Grilo tem contas rejeitadas na C\u00e3mara de Vereadores de Ribeira do Pombal-BA"},"content":{"rendered":"<p style=\"text-align: justify;\">Como j\u00e1 era esperado, na sexta-feira, 22 de maio 2020,\u00a0 a C\u00e2mara de Vereadores de Ribeira do Pombal manteve o parecer do TCM, o qual rejeitou as contas do ex-prefeito Z\u00e9\u00a0 Grilo por 11 votos a favor, 2 votos contra, e 01 absten\u00e7\u00e3o. Com a decis\u00e3o o ex-alcaide fica ineleg\u00edvel por 8 anos.<!--more--><\/p>\n<p style=\"text-align: justify;\">A Sess\u00e3o contou com a presen\u00e7a de todos os Vereadores, por\u00e9m, Z\u00e9 Grilo e seu advogado n\u00e3o participaram da sess\u00e3o de julgamento, embora tenham sidos devidamente notificados. A defesa pediu o adiamento da sess\u00e3o, alegando n\u00e3o dispor de internet para participar, j\u00e1 que estaria em isolamento social, por conta do coronav\u00edrus, solicitando ainda que a sess\u00e3o s\u00f3 ocorresse ao final da pandemia e de forma presencial.<\/p>\n<p style=\"text-align: justify;\"><img fetchpriority=\"high\" decoding=\"async\" class=\"size-thumbnail wp-image-23589 aligncenter\" src=\"https:\/\/www.portalalerta.com.br\/wp-content\/uploads\/2020\/04\/real-acordo-720x93.jpg\" alt=\"\" width=\"720\" height=\"93\" \/>O plen\u00e1rio indeferiu o pedido e seguiu com o julgamento, resultando na rejei\u00e7\u00e3o das contas de Z\u00e9 Grilo. Ao ex-gestor agora s\u00f3 resta apostar numa decis\u00e3o judicial que assegure sua candidatura. Mais uma vez a oposi\u00e7\u00e3o dever\u00e1 ir \u00e0s urnas com um candidato sub jud\u00edce, tendo em vista que fato semelhante j\u00e1 ocorreu com Dad\u00e1 que teve os votos zerados posteriormente.<\/p>\n<p style=\"text-align: justify;\"><strong>Votaram a favor da Rejei\u00e7\u00e3o:<\/strong> Bebeto, Elias Brasil, Irm\u00e3o Ezequias, Miranda, Netinho, Pedro Rodrigues (Peu do Gado), Dr. Jairo, F\u00e1bio Rodrigues (F\u00e1bio de Nadja, Marcelo Brito, Nathan Brito, e Ronny de Z\u00e9 Careca. <strong>Votaram contra:<\/strong> S\u00e9rgio da Oficina, e Pedro Mel. <strong>Se absteve: Z\u00e9 Valdo<\/strong>.<\/p>\n<p style=\"text-align: justify;\"><img decoding=\"async\" class=\"aligncenter wp-image-24471 size-full\" src=\"https:\/\/www.portalalerta.com.br\/wp-content\/uploads\/2020\/05\/rejei\u00e7\u00e3o-das-contas-de-Z\u00e9-Grilo-2020.jpg\" alt=\"\" width=\"600\" height=\"370\" srcset=\"https:\/\/www.portalalerta.com.br\/wp-content\/uploads\/2020\/05\/rejei\u00e7\u00e3o-das-contas-de-Z\u00e9-Grilo-2020.jpg 600w, https:\/\/www.portalalerta.com.br\/wp-content\/uploads\/2020\/05\/rejei\u00e7\u00e3o-das-contas-de-Z\u00e9-Grilo-2020-389x240.jpg 389w, https:\/\/www.portalalerta.com.br\/wp-content\/uploads\/2020\/05\/rejei\u00e7\u00e3o-das-contas-de-Z\u00e9-Grilo-2020-237x146.jpg 237w, https:\/\/www.portalalerta.com.br\/wp-content\/uploads\/2020\/05\/rejei\u00e7\u00e3o-das-contas-de-Z\u00e9-Grilo-2020-50x31.jpg 50w, https:\/\/www.portalalerta.com.br\/wp-content\/uploads\/2020\/05\/rejei\u00e7\u00e3o-das-contas-de-Z\u00e9-Grilo-2020-122x75.jpg 122w\" sizes=\"(max-width: 600px) 100vw, 600px\" \/>Veja abaixo na \u00edntegra, a sess\u00e3o que rejeitou as contas do ex-prefeito Z\u00e9 Grilo:<\/p>\n<p>https:\/\/www.facebook.com\/jadsonsantosjjhomestudio\/videos\/3069384509786530\/<\/p>\n<p style=\"text-align: justify;\"><em>Fonte: Joilson Costa<\/em><\/p>\n<p style=\"text-align: justify;\"><em>Edi\u00e7\u00e3o: Portal Alerta<\/em><\/p>\n<p style=\"text-align: justify;\"><em>V\u00eddeo: JJ Home Studio<\/em><\/p>\n","protected":false},"excerpt":{"rendered":"<p>Como j\u00e1 era esperado, na sexta-feira, 22 de maio 2020,\u00a0 a C\u00e2mara de Vereadores de Ribeira do Pombal manteve o parecer do TCM, o qual rejeitou as contas do ex-prefeito Z\u00e9\u00a0 Grilo por 11 votos a favor, 2 votos contra, e 01 absten\u00e7\u00e3o. Com a decis\u00e3o o ex-alcaide fica ineleg\u00edvel por 8 anos.<\/p>\n","protected":false},"author":2,"featured_media":20211,"comment_status":"open","ping_status":"open","sticky":false,"template":"","format":"standard","meta":{"om_disable_all_campaigns":false,"_monsterinsights_skip_tracking":false,"_monsterinsights_sitenote_active":false,"_monsterinsights_sitenote_note":"","_monsterinsights_sitenote_category":0,"footnotes":""},"categories":[70,69,21,32,3],"tags":[211,1066,134,302,47,3259],"class_list":["post-24470","post","type-post","status-publish","format-standard","has-post-thumbnail","hentry","category-destaques","category-noticias2","category-politica","category-regiao","category-ribeira-do-pombal","tag-camara-de-vereadores","tag-contas-rejeitadas","tag-ex-prefeito","tag-julgamento","tag-ribeira-do-pombal","tag-ze-grilo"],"aioseo_notices":[],"_links":{"self":[{"href":"https:\/\/www.portalalerta.com.br\/index.php\/wp-json\/wp\/v2\/posts\/24470","targetHints":{"allow":["GET"]}}],"collection":[{"href":"https:\/\/www.portalalerta.com.br\/index.php\/wp-json\/wp\/v2\/posts"}],"about":[{"href":"https:\/\/www.portalalerta.com.br\/index.php\/wp-json\/wp\/v2\/types\/post"}],"author":[{"embeddable":true,"href":"https:\/\/www.portalalerta.com.br\/index.php\/wp-json\/wp\/v2\/users\/2"}],"replies":[{"embeddable":true,"href":"https:\/\/www.portalalerta.com.br\/index.php\/wp-json\/wp\/v2\/comments?post=24470"}],"version-history":[{"count":1,"href":"https:\/\/www.portalalerta.com.br\/index.php\/wp-json\/wp\/v2\/posts\/24470\/revisions"}],"predecessor-version":[{"id":24472,"href":"https:\/\/www.portalalerta.com.br\/index.php\/wp-json\/wp\/v2\/posts\/24470\/revisions\/24472"}],"wp:featuredmedia":[{"embeddable":true,"href":"https:\/\/www.portalalerta.com.br\/index.php\/wp-json\/wp\/v2\/media\/20211"}],"wp:attachment":[{"href":"https:\/\/www.portalalerta.com.br\/index.php\/wp-json\/wp\/v2\/media?parent=24470"}],"wp:term":[{"taxonomy":"category","embeddable":true,"href":"https:\/\/www.portalalerta.com.br\/index.php\/wp-json\/wp\/v2\/categories?post=24470"},{"taxonomy":"post_tag","embeddable":true,"href":"https:\/\/www.portalalerta.com.br\/index.php\/wp-json\/wp\/v2\/tags?post=24470"}],"curies":[{"name":"wp","href":"https:\/\/api.w.org\/{rel}","templated":true}]}}