{"id":24505,"date":"2020-05-24T16:47:47","date_gmt":"2020-05-24T19:47:47","guid":{"rendered":"https:\/\/www.portalalerta.com.br\/?p=24505"},"modified":"2020-05-24T16:47:47","modified_gmt":"2020-05-24T19:47:47","slug":"mais-dois-pacientes-com-covid-19-estao-curados-em-ribeira-do-pombal-ba-afirma-secretaria-de-saude","status":"publish","type":"post","link":"https:\/\/www.portalalerta.com.br\/index.php\/2020\/05\/24\/mais-dois-pacientes-com-covid-19-estao-curados-em-ribeira-do-pombal-ba-afirma-secretaria-de-saude\/","title":{"rendered":"Mais dois pacientes com Covid-19 est\u00e3o curados em Ribeira do Pombal-BA, afirma Secretaria de Sa\u00fade"},"content":{"rendered":"<p style=\"text-align: justify;\">O novo boletim Epidemiol\u00f3gico divulgado no final da manh\u00e3 deste domingo, 24, aponta que mais dois pacientes infectados com Covid-19 (Coronav\u00edrus) est\u00e3o curados, em Ribeira do Pombal-BA.<!--more--><\/p>\n<p style=\"text-align: justify;\"><img fetchpriority=\"high\" decoding=\"async\" class=\"size-thumbnail wp-image-4869 aligncenter\" src=\"https:\/\/www.portalalerta.com.br\/wp-content\/uploads\/2018\/02\/Auto-Escola-Nobre-720x181.jpg\" alt=\"\" width=\"720\" height=\"181\" srcset=\"https:\/\/www.portalalerta.com.br\/wp-content\/uploads\/2018\/02\/Auto-Escola-Nobre.jpg 720w, https:\/\/www.portalalerta.com.br\/wp-content\/uploads\/2018\/02\/Auto-Escola-Nobre-260x65.jpg 260w, https:\/\/www.portalalerta.com.br\/wp-content\/uploads\/2018\/02\/Auto-Escola-Nobre-50x13.jpg 50w, https:\/\/www.portalalerta.com.br\/wp-content\/uploads\/2018\/02\/Auto-Escola-Nobre-150x38.jpg 150w\" sizes=\"(max-width: 720px) 100vw, 720px\" \/>O \u00faltimo boletim, divulgado no \u00faltimo s\u00e1bado, apontava que sete pessoas tinham sido curadas. Com os novos n\u00fameros, o munic\u00edpio que at\u00e9 o momento apresentou 12 casos confirmados da doen\u00e7a, chega a marca de 75% de cura. Desta forma, apenas duas pessoas se encontram em tratamento (isolamento domiciliar), sem apresentar sintomas graves. Ribeira do Pombal registrou um \u00f3bito por conta do Covid-19.<\/p>\n<p style=\"text-align: justify;\">Vale ressaltar que ainda existem 11 pessoas com suspeita para a doen\u00e7a, aguardando resultados de exames realizados no LACEN (Laborat\u00f3rio Central do Estado).<\/p>\n<p style=\"text-align: justify;\"><em>Reda\u00e7\u00e3o: Portal Alerta<\/em><\/p>\n<p style=\"text-align: justify;\"><em>#fiqueemcasa<\/em><\/p>\n","protected":false},"excerpt":{"rendered":"<p>O novo boletim Epidemiol\u00f3gico divulgado no final da manh\u00e3 deste domingo, 24, aponta que mais dois pacientes infectados com Covid-19 (Coronav\u00edrus) est\u00e3o curados, em Ribeira do Pombal-BA.<\/p>\n","protected":false},"author":2,"featured_media":3952,"comment_status":"open","ping_status":"open","sticky":false,"template":"","format":"standard","meta":{"om_disable_all_campaigns":false,"_monsterinsights_skip_tracking":false,"_monsterinsights_sitenote_active":false,"_monsterinsights_sitenote_note":"","_monsterinsights_sitenote_category":0,"footnotes":""},"categories":[70,69,32,3,19],"tags":[3429,3486,3454,47,61,433],"class_list":["post-24505","post","type-post","status-publish","format-standard","has-post-thumbnail","hentry","category-destaques","category-noticias2","category-regiao","category-ribeira-do-pombal","category-saude","tag-coronavirus","tag-covid-19","tag-cura","tag-ribeira-do-pombal","tag-saude","tag-secretaria-de-saude"],"aioseo_notices":[],"_links":{"self":[{"href":"https:\/\/www.portalalerta.com.br\/index.php\/wp-json\/wp\/v2\/posts\/24505","targetHints":{"allow":["GET"]}}],"collection":[{"href":"https:\/\/www.portalalerta.com.br\/index.php\/wp-json\/wp\/v2\/posts"}],"about":[{"href":"https:\/\/www.portalalerta.com.br\/index.php\/wp-json\/wp\/v2\/types\/post"}],"author":[{"embeddable":true,"href":"https:\/\/www.portalalerta.com.br\/index.php\/wp-json\/wp\/v2\/users\/2"}],"replies":[{"embeddable":true,"href":"https:\/\/www.portalalerta.com.br\/index.php\/wp-json\/wp\/v2\/comments?post=24505"}],"version-history":[{"count":1,"href":"https:\/\/www.portalalerta.com.br\/index.php\/wp-json\/wp\/v2\/posts\/24505\/revisions"}],"predecessor-version":[{"id":24506,"href":"https:\/\/www.portalalerta.com.br\/index.php\/wp-json\/wp\/v2\/posts\/24505\/revisions\/24506"}],"wp:featuredmedia":[{"embeddable":true,"href":"https:\/\/www.portalalerta.com.br\/index.php\/wp-json\/wp\/v2\/media\/3952"}],"wp:attachment":[{"href":"https:\/\/www.portalalerta.com.br\/index.php\/wp-json\/wp\/v2\/media?parent=24505"}],"wp:term":[{"taxonomy":"category","embeddable":true,"href":"https:\/\/www.portalalerta.com.br\/index.php\/wp-json\/wp\/v2\/categories?post=24505"},{"taxonomy":"post_tag","embeddable":true,"href":"https:\/\/www.portalalerta.com.br\/index.php\/wp-json\/wp\/v2\/tags?post=24505"}],"curies":[{"name":"wp","href":"https:\/\/api.w.org\/{rel}","templated":true}]}}