{"id":24507,"date":"2020-05-24T16:54:41","date_gmt":"2020-05-24T19:54:41","guid":{"rendered":"https:\/\/www.portalalerta.com.br\/?p=24507"},"modified":"2020-05-24T16:54:41","modified_gmt":"2020-05-24T19:54:41","slug":"bahia-alcanca-13-mil-casos-de-coronavirus-e-supera-os-400-obitos","status":"publish","type":"post","link":"https:\/\/www.portalalerta.com.br\/index.php\/2020\/05\/24\/bahia-alcanca-13-mil-casos-de-coronavirus-e-supera-os-400-obitos\/","title":{"rendered":"Bahia alcan\u00e7a 13 mil casos de coronav\u00edrus e supera os 400 \u00f3bitos"},"content":{"rendered":"<p style=\"text-align: justify;\">A Bahia registra 13 mil casos confirmados de coronav\u00edrus (Covid-19), o que representa 15,50% do total de casos notificados no estado e 413 \u00f3bitos. Cumpre ressaltar que 151 casos confirmados aguardam valida\u00e7\u00e3o dos munic\u00edpios.<!--more--><\/p>\n<p style=\"text-align: justify;\">Considerando o n\u00famero de 13.000 casos confirmados, 3.934 recuperados e 413 \u00f3bitos, 8.653 pessoas permanecem monitoradas pela vigil\u00e2ncia epidemiol\u00f3gica e com sintomas da Covid-19, o que s\u00e3o chamados de casos ativos. Na Bahia, 1.987 profissionais da sa\u00fade foram confirmados para Covid-19.<\/p>\n<p style=\"text-align: justify;\">Os casos confirmados ocorreram em 240 munic\u00edpios do estado, com maior propor\u00e7\u00e3o em Salvador (64,21%). Os munic\u00edpios com os maiores coeficientes de incid\u00eancia por 1.000.000 habitantes foram Uru\u00e7uca (4.239,97), Ipia\u00fa (3.902,08), Itabuna (3.676,90), Ilh\u00e9us (3.123,33) e Salvador (2.794,23).<\/p>\n<p style=\"text-align: justify;\">O boletim epidemiol\u00f3gico registra 33.454 casos descartados e 83.880 notifica\u00e7\u00f5es em toda a Bahia. Estes dados representam notifica\u00e7\u00f5es oficiais compiladas pelo Centro de Informa\u00e7\u00f5es Estrat\u00e9gicas em Vigil\u00e2ncia em Sa\u00fade da Bahia (Cievs-BA), em conjunto com os Cievs municipais e as bases de dados do Minist\u00e9rio da Sa\u00fade at\u00e9 as 17h deste s\u00e1bado (23).<\/p>\n<p style=\"text-align: justify;\"><strong><img fetchpriority=\"high\" decoding=\"async\" class=\"size-thumbnail wp-image-23589 aligncenter\" src=\"https:\/\/www.portalalerta.com.br\/wp-content\/uploads\/2020\/04\/real-acordo-720x93.jpg\" alt=\"\" width=\"720\" height=\"93\" \/>Taxa de ocupa\u00e7\u00e3o<\/strong><\/p>\n<p style=\"text-align: justify;\">Na Bahia, dos 1.459 leitos dispon\u00edveis do Sistema \u00danico de Sa\u00fade (SUS) exclusivos para Covid-19, 819 possuem pacientes internados, o que representa uma taxa de ocupa\u00e7\u00e3o de 53%. No que se refere aos leitos de UTI adulto e pedi\u00e1trico, dos 593 leitos exclusivos para o coronav\u00edrus, 433 possuem pacientes internados, compreendendo uma taxa de ocupa\u00e7\u00e3o de 73%. Cabe ressaltar que o n\u00famero de leitos \u00e9 flutuante, representando o quantitativo exato de vagas dispon\u00edveis no dia. Intercorr\u00eancias com equipamentos, rede de gases ou equipes incompletas, por exemplo, inviabilizam a disponibilidade do leito. Ressalte-se que novos leitos s\u00e3o abertos progressivamente mediante o aumento da demanda.<\/p>\n<p style=\"text-align: justify;\"><strong>Exames<\/strong><\/p>\n<p style=\"text-align: justify;\">O Laborat\u00f3rio Central de Sa\u00fade P\u00fablica da Bahia (Lacen-BA) realizou 41.667 exames do tipo RT-PCR, que \u00e9 o padr\u00e3o ouro para identificar o genoma viral do coronav\u00edrus, no per\u00edodo de 1\u00b0 de mar\u00e7o a 23 de maio de 2020. Atualmente, 4.645 amostras est\u00e3o em an\u00e1lise laboratorial e os exames s\u00e3o liberados em at\u00e9 48 horas.<\/p>\n<p style=\"text-align: justify;\"><strong>\u00d3bitos<\/strong><\/p>\n<p style=\"text-align: justify;\">A Secretaria da Sa\u00fade do Estado da Bahia (Sesab) contabiliza 413 mortes pelo novo coronav\u00edrus. Estes n\u00fameros contabilizam todos os registros de janeiro at\u00e9 as 17 horas deste s\u00e1bado (23). Ressalta-se que os \u00f3bitos n\u00e3o necessariamente ocorreram nas \u00faltimas 24 horas.<\/p>\n<p style=\"text-align: justify;\">400\u00ba \u00f3bito -mulher, 69 anos, residente em Salvador, portadora de diabetes mellitus, deu entrada no dia 15\/05 e veio a \u00f3bito dia 21\/05, em hospital da rede p\u00fablica em Salvador;<\/p>\n<p style=\"text-align: justify;\">401\u00ba \u00f3bito \u2013 mulher, 80 anos, residente em Salvador, portadora de diabetes mellitus e hipertens\u00e3o arterial, internada dia 11\/05, veio a \u00f3bito dia 21\/05, em hospital p\u00fablico em Salvador;<\/p>\n<p style=\"text-align: justify;\">402\u00ba \u00f3bito \u2013 homem, 46 anos, residente em Jequi\u00e9, portador de diabetes mellitus, hipertens\u00e3o arterial e obesidade, internado dia 16\/05, veio a \u00f3bito dia 22\/05, em hospital da rede p\u00fablica em Jequi\u00e9;<\/p>\n<p style=\"text-align: justify;\">403\u00ba \u00f3bito, mulher, 53 anos, residente em Salvador, portadora de diabetes mellitus, doen\u00e7a cardiovascular e obesidade, internada dia 15\/04, veio a \u00f3bito dia15\/05, em hospital p\u00fablico em Salvador;<\/p>\n<p style=\"text-align: justify;\">404\u00ba \u00f3bito \u2013 mulher, 45 anos, residente em Lauro de Freitas, portadora de neoplasia e obesidade, admitida dia 20\/05, veio a \u00f3bito no mesmo dia, em unidade p\u00fablica em Lauro de Freitas;<\/p>\n<p style=\"text-align: justify;\">405\u00ba \u00f3bito \u2013 mulher, 42 anos, residente em Salvador, portadora de hipertens\u00e3o arterial e obesidade, internada dia 30\/04, veio a \u00f3bito dia 19\/05, em hospital da rede p\u00fablica em Salvador;<\/p>\n<p style=\"text-align: justify;\">406\u00ba \u00f3bito \u2013 mulher, 74 anos, residente em Salvador, portadora de hipertens\u00e3o arterial, foi internada dia 05\/05 e veio a \u00f3bito dia 20\/05, em hospital da rede p\u00fablica em Salvador;<\/p>\n<p style=\"text-align: justify;\">407\u00ba \u00f3bito \u2013 homem, 52 anos, residente em Salvador, portador de hipertens\u00e3o arterial, diabetes mellitus e doen\u00e7a renal cr\u00f4nica, foi internado dia 06\/05 e veio a \u00f3bito dia 20\/05, em hospital da rede p\u00fablica em Salvador;<\/p>\n<p style=\"text-align: justify;\">408\u00ba \u00f3bito \u2013 mulher, 49 anos, residente em Salvador, comorbidades hipertens\u00e3o arterial e obesidade, deu entrada dia 11\/05 e veio a \u00f3bito dia 13\/05 em unidade da rede p\u00fablica, em Salvador;<\/p>\n<p style=\"text-align: justify;\">409\u00ba \u00f3bito \u2013 homem, 89 anos, residente em Ilh\u00e9us, comorbidade doen\u00e7a neurol\u00f3gica cr\u00f4nica, deu entrada dia 28\/04 e veio a \u00f3bito dia 17\/05, em unidade da rede p\u00fablica, em Ilh\u00e9us;<\/p>\n<p style=\"text-align: justify;\">410\u00ba \u00f3bito \u2013 homem, 48 anos, residente em Juazeiro, sem comorbidades, deu entrada dia 20\/04 e veio a \u00f3bito dia 17\/05, em unidade da rede da rede p\u00fablica, em Petrolina;<\/p>\n<p style=\"text-align: justify;\">411\u00ba \u00f3bito \u2013 mulher, 49 anos, residente em Ilh\u00e9us, sem comorbidades, deu entrada dia 09\/05 e veio a \u00f3bito dia 18\/05, em unidade da rede p\u00fablica, em Ilh\u00e9us;<\/p>\n<p style=\"text-align: justify;\">412\u00ba \u00f3bito \u2013 homem, 92 anos, residente em Ilh\u00e9us, comorbidade doen\u00e7a pulmonar pr\u00e9via, deu entrada dia 07\/05 e veio a \u00f3bito dia 17\/05, em unidade da rede p\u00fablica, em Ilh\u00e9us;<\/p>\n<p style=\"text-align: justify;\">413\u00ba \u00f3bito \u2013 mulher, 92 anos, residente em Itabuna, comorbidade doen\u00e7a pulmonar pr\u00e9via, deu entrada dia 01\/05 e veio a \u00f3bito dia 13\/05, em unidade da rede p\u00fablica, em Salvador.<\/p>\n<p style=\"text-align: justify;\"><strong>Faixa et\u00e1ria<\/strong><\/p>\n<p style=\"text-align: justify;\">Quanto ao sexo dos casos confirmados, 43,48% foram do sexo feminino, 35,76% do sexo masculino e 21,06% sem informa\u00e7\u00e3o. A faixa et\u00e1ria mais acometida foi a de 30 a 39 anos, representando 22,82% do total. O coeficiente de incid\u00eancia por 1.000.000 de habitantes foi maior na faixa et\u00e1ria de 80 ou mais (1.388,93\/1.000.000 habitantes), indicando que o risco de adoecer foi maior nesta faixa et\u00e1ria, seguida da faixa de 30 a 39 anos (1.292,87\/1.000.000 habitantes).<\/p>\n<p style=\"text-align: justify;\">Vale ressaltar que os n\u00fameros s\u00e3o din\u00e2micos e, na medida em que as investiga\u00e7\u00f5es cl\u00ednicas e epidemiol\u00f3gicas avan\u00e7am, os casos s\u00e3o reavaliados, sendo pass\u00edveis de reenquadramento na sua classifica\u00e7\u00e3o. Outras informa\u00e7\u00f5es em\u00a0<a href=\"http:\/\/www.saude.ba.gov.br\/coronavirus\">www.saude.ba.gov.br\/coronavirus<\/a>.<\/p>\n<p style=\"text-align: justify;\">Para acessar o boletim completo, com a lista de munic\u00edpios com casos confirmados,\u00a0<a href=\"http:\/\/www.saude.ba.gov.br\/wp-content\/uploads\/2020\/05\/BOLETIM_ELETRONICO_BAHIAN_60___23052020.pdf\"><strong>clique aqui<\/strong><\/a>.<\/p>\n<p style=\"text-align: justify;\"><em>Fonte: SESAB<\/em><\/p>\n","protected":false},"excerpt":{"rendered":"<p>A Bahia registra 13 mil casos confirmados de coronav\u00edrus (Covid-19), o que representa 15,50% do total de casos notificados no estado e 413 \u00f3bitos. Cumpre ressaltar que 151 casos confirmados aguardam valida\u00e7\u00e3o dos munic\u00edpios.<\/p>\n","protected":false},"author":2,"featured_media":22980,"comment_status":"open","ping_status":"open","sticky":false,"template":"","format":"standard","meta":{"om_disable_all_campaigns":false,"_monsterinsights_skip_tracking":false,"_monsterinsights_sitenote_active":false,"_monsterinsights_sitenote_note":"","_monsterinsights_sitenote_category":0,"footnotes":""},"categories":[33,70,69,19],"tags":[54,3429,3486,61],"class_list":["post-24507","post","type-post","status-publish","format-standard","has-post-thumbnail","hentry","category-bahia","category-destaques","category-noticias2","category-saude","tag-bahia","tag-coronavirus","tag-covid-19","tag-saude"],"aioseo_notices":[],"_links":{"self":[{"href":"https:\/\/www.portalalerta.com.br\/index.php\/wp-json\/wp\/v2\/posts\/24507","targetHints":{"allow":["GET"]}}],"collection":[{"href":"https:\/\/www.portalalerta.com.br\/index.php\/wp-json\/wp\/v2\/posts"}],"about":[{"href":"https:\/\/www.portalalerta.com.br\/index.php\/wp-json\/wp\/v2\/types\/post"}],"author":[{"embeddable":true,"href":"https:\/\/www.portalalerta.com.br\/index.php\/wp-json\/wp\/v2\/users\/2"}],"replies":[{"embeddable":true,"href":"https:\/\/www.portalalerta.com.br\/index.php\/wp-json\/wp\/v2\/comments?post=24507"}],"version-history":[{"count":1,"href":"https:\/\/www.portalalerta.com.br\/index.php\/wp-json\/wp\/v2\/posts\/24507\/revisions"}],"predecessor-version":[{"id":24508,"href":"https:\/\/www.portalalerta.com.br\/index.php\/wp-json\/wp\/v2\/posts\/24507\/revisions\/24508"}],"wp:featuredmedia":[{"embeddable":true,"href":"https:\/\/www.portalalerta.com.br\/index.php\/wp-json\/wp\/v2\/media\/22980"}],"wp:attachment":[{"href":"https:\/\/www.portalalerta.com.br\/index.php\/wp-json\/wp\/v2\/media?parent=24507"}],"wp:term":[{"taxonomy":"category","embeddable":true,"href":"https:\/\/www.portalalerta.com.br\/index.php\/wp-json\/wp\/v2\/categories?post=24507"},{"taxonomy":"post_tag","embeddable":true,"href":"https:\/\/www.portalalerta.com.br\/index.php\/wp-json\/wp\/v2\/tags?post=24507"}],"curies":[{"name":"wp","href":"https:\/\/api.w.org\/{rel}","templated":true}]}}