{"id":24509,"date":"2020-05-24T17:31:53","date_gmt":"2020-05-24T20:31:53","guid":{"rendered":"https:\/\/www.portalalerta.com.br\/?p=24509"},"modified":"2020-05-24T17:40:13","modified_gmt":"2020-05-24T20:40:13","slug":"mesmo-com-novos-municipios-com-registros-de-covid-19-numero-de-casos-e-menor-em-comparacao-a-semana-anterior-na-regiao","status":"publish","type":"post","link":"https:\/\/www.portalalerta.com.br\/index.php\/2020\/05\/24\/mesmo-com-novos-municipios-com-registros-de-covid-19-numero-de-casos-e-menor-em-comparacao-a-semana-anterior-na-regiao\/","title":{"rendered":"Mesmo com novos munic\u00edpios com registros de Covid-19, n\u00famero de casos \u00e9 menor em compara\u00e7\u00e3o \u00e0 semana anterior, na regi\u00e3o!"},"content":{"rendered":"<p style=\"text-align: justify;\">Desde a chegada da Pandemia do Covid-19 (Coronav\u00edrus) ao Brasil, 16 munic\u00edpios da regi\u00e3o, j\u00e1 registraram 70 casos de infec\u00e7\u00e3o, at\u00e9 o \u00faltimo s\u00e1bado, 23. Destes, 40% foram registrados apenas na \u00faltima semana.<!--more--><\/p>\n<p style=\"text-align: justify;\">O primeiro caso foi registrado em Nova Soure-BA, no dia 24 de mar\u00e7o, quando uma m\u00e9dica testou positivo para a doen\u00e7a. A partir de ent\u00e3o, o PORTAL ALERTA monitora o avan\u00e7o do v\u00edrus em 21 munic\u00edpios da regi\u00e3o. At\u00e9 o \u00faltimo s\u00e1bado, foram contabilizadas nove semanas em que o v\u00edrus circula nas referidas cidades.<\/p>\n<p style=\"text-align: justify;\"><img fetchpriority=\"high\" decoding=\"async\" class=\"size-thumbnail wp-image-9394 alignleft\" src=\"https:\/\/www.portalalerta.com.br\/wp-content\/uploads\/2018\/07\/05elab-320x240.jpg\" alt=\"\" width=\"320\" height=\"240\" srcset=\"https:\/\/www.portalalerta.com.br\/wp-content\/uploads\/2018\/07\/05elab-320x240.jpg 320w, https:\/\/www.portalalerta.com.br\/wp-content\/uploads\/2018\/07\/05elab-195x146.jpg 195w, https:\/\/www.portalalerta.com.br\/wp-content\/uploads\/2018\/07\/05elab-50x38.jpg 50w, https:\/\/www.portalalerta.com.br\/wp-content\/uploads\/2018\/07\/05elab-100x75.jpg 100w, https:\/\/www.portalalerta.com.br\/wp-content\/uploads\/2018\/07\/05elab.jpg 400w\" sizes=\"(max-width: 320px) 100vw, 320px\" \/>Quatro destes munic\u00edpios entraram para a lista de casos confirmados na \u00faltima semana, s\u00e3o eles: <strong>Antas (02 casos), C\u00edcero Dantas (01 caso), Novo Triunfo (02 casos), e Olindina (01 caso)<\/strong>. Outros cinco munic\u00edpios ainda n\u00e3o apresentaram registros de infec\u00e7\u00e3o, s\u00e3o eles: <strong>Cip\u00f3, F\u00e1tima, Heli\u00f3polis, Quijingue e S\u00edtio do Quinto<\/strong>.<\/p>\n<p style=\"text-align: justify;\">Mesmo com a chegada de novos casos, houve uma queda de 7% em compara\u00e7\u00e3o a semana anterior. Ribeira do Pombal-BA foi a cidade que apresentou maior queda, registrando apenas um caso na nona semana, seis a menos que na semana anterior. J\u00e1 Itapicuru est\u00e1 na contram\u00e3o, tendo em vista que registrou 20 casos nas duas \u00faltimas semanas, sendo 12 apenas na \u00faltima.<\/p>\n<p style=\"text-align: justify;\">As cidades com casos confirmados s\u00e3o: <strong>Adustina (1), Antas (2), Araci (3), Banza\u00ea (5), C\u00edcero Dantas (1), Cris\u00f3polis (3), Euclides da Cunha (6), Itapicuru (20), Jeremoabo (1), Nova Soure (10), Novo Triunfo (2), Olindina (1), Paripiranga (1), Ribeira do Amparo (1), Ribeira do Pombal (12), e Tucano (1)<\/strong>. O caso registrado em Paripiranga, est\u00e1 sendo considerado tomando por base os dados passados pelo munic\u00edpio, tendo em vista que o governo do Estado n\u00e3o o reconhece, j\u00e1 que a paciente em quest\u00e3o \u00e9 moradora de Paripiranga, mas foi contaminada em Lagarto-SE.<\/p>\n<p style=\"text-align: justify;\">Confira o gr\u00e1fico da regi\u00e3o:<\/p>\n<p style=\"text-align: justify;\"><img decoding=\"async\" class=\"aligncenter wp-image-24510 size-full\" src=\"https:\/\/www.portalalerta.com.br\/wp-content\/uploads\/2020\/05\/gr\u00e1fico-Coronav\u00edrus-na-regi\u00e3o-2020.jpg\" alt=\"\" width=\"540\" height=\"330\" srcset=\"https:\/\/www.portalalerta.com.br\/wp-content\/uploads\/2020\/05\/gr\u00e1fico-Coronav\u00edrus-na-regi\u00e3o-2020.jpg 540w, https:\/\/www.portalalerta.com.br\/wp-content\/uploads\/2020\/05\/gr\u00e1fico-Coronav\u00edrus-na-regi\u00e3o-2020-393x240.jpg 393w, https:\/\/www.portalalerta.com.br\/wp-content\/uploads\/2020\/05\/gr\u00e1fico-Coronav\u00edrus-na-regi\u00e3o-2020-239x146.jpg 239w, https:\/\/www.portalalerta.com.br\/wp-content\/uploads\/2020\/05\/gr\u00e1fico-Coronav\u00edrus-na-regi\u00e3o-2020-50x31.jpg 50w, https:\/\/www.portalalerta.com.br\/wp-content\/uploads\/2020\/05\/gr\u00e1fico-Coronav\u00edrus-na-regi\u00e3o-2020-123x75.jpg 123w\" sizes=\"(max-width: 540px) 100vw, 540px\" \/><\/p>\n<p style=\"text-align: justify;\"><em>Reda\u00e7\u00e3o: Portal Alerta<\/em><\/p>\n<p style=\"text-align: justify;\"><strong><em>#fiqueemcasa<\/em><\/strong><\/p>\n","protected":false},"excerpt":{"rendered":"<p>Desde a chegada da Pandemia do Covid-19 (Coronav\u00edrus) ao Brasil, 16 munic\u00edpios da regi\u00e3o, j\u00e1 registraram 70 casos de infec\u00e7\u00e3o, at\u00e9 o \u00faltimo s\u00e1bado, 23. Destes, 40% foram registrados apenas na \u00faltima semana.<\/p>\n","protected":false},"author":2,"featured_media":24057,"comment_status":"open","ping_status":"open","sticky":false,"template":"","format":"standard","meta":{"om_disable_all_campaigns":false,"_monsterinsights_skip_tracking":false,"_monsterinsights_sitenote_active":false,"_monsterinsights_sitenote_note":"","_monsterinsights_sitenote_category":0,"footnotes":""},"categories":[40,5,41,39,4,13,42,70,17,10,6,18,9,69,14,8,15,11,43,32,16,3,19,7,12],"tags":[100,71,48,49,75,45,3429,3486,46,129,107,2226,132,230,106,203,120,51,109,278,88,47,61,111,190],"class_list":["post-24509","post","type-post","status-publish","format-standard","has-post-thumbnail","hentry","category-adustina","category-antas","category-araci","category-banzae","category-cicero-dantas","category-cipo","category-crisopolis","category-destaques","category-euclides-da-cunha","category-fatima","category-heliopolis","category-itapicuru","category-jeremoabo","category-noticias2","category-nova-soure","category-novo-triunfo","category-olindina","category-paripiranga","category-quijingue","category-regiao","category-ribeira-do-amparo","category-ribeira-do-pombal","category-saude","category-sitio-do-quinto","category-tucano","tag-adustina","tag-antas","tag-araci","tag-banzae","tag-cicero-dantas","tag-cipo","tag-coronavirus","tag-covid-19","tag-crisopolis","tag-euclides-da-cunha","tag-fatima","tag-helicoptero","tag-itapicuru","tag-jeremoabo","tag-nova-soure","tag-novo-triunfo","tag-olindina","tag-paripiranga","tag-quijingue","tag-regiao","tag-ribeira-do-amparo","tag-ribeira-do-pombal","tag-saude","tag-sitio-do-quinto","tag-tucano"],"aioseo_notices":[],"_links":{"self":[{"href":"https:\/\/www.portalalerta.com.br\/index.php\/wp-json\/wp\/v2\/posts\/24509","targetHints":{"allow":["GET"]}}],"collection":[{"href":"https:\/\/www.portalalerta.com.br\/index.php\/wp-json\/wp\/v2\/posts"}],"about":[{"href":"https:\/\/www.portalalerta.com.br\/index.php\/wp-json\/wp\/v2\/types\/post"}],"author":[{"embeddable":true,"href":"https:\/\/www.portalalerta.com.br\/index.php\/wp-json\/wp\/v2\/users\/2"}],"replies":[{"embeddable":true,"href":"https:\/\/www.portalalerta.com.br\/index.php\/wp-json\/wp\/v2\/comments?post=24509"}],"version-history":[{"count":3,"href":"https:\/\/www.portalalerta.com.br\/index.php\/wp-json\/wp\/v2\/posts\/24509\/revisions"}],"predecessor-version":[{"id":24513,"href":"https:\/\/www.portalalerta.com.br\/index.php\/wp-json\/wp\/v2\/posts\/24509\/revisions\/24513"}],"wp:featuredmedia":[{"embeddable":true,"href":"https:\/\/www.portalalerta.com.br\/index.php\/wp-json\/wp\/v2\/media\/24057"}],"wp:attachment":[{"href":"https:\/\/www.portalalerta.com.br\/index.php\/wp-json\/wp\/v2\/media?parent=24509"}],"wp:term":[{"taxonomy":"category","embeddable":true,"href":"https:\/\/www.portalalerta.com.br\/index.php\/wp-json\/wp\/v2\/categories?post=24509"},{"taxonomy":"post_tag","embeddable":true,"href":"https:\/\/www.portalalerta.com.br\/index.php\/wp-json\/wp\/v2\/tags?post=24509"}],"curies":[{"name":"wp","href":"https:\/\/api.w.org\/{rel}","templated":true}]}}