{"id":24514,"date":"2020-05-25T11:27:26","date_gmt":"2020-05-25T14:27:26","guid":{"rendered":"https:\/\/www.portalalerta.com.br\/?p=24514"},"modified":"2020-09-06T14:21:40","modified_gmt":"2020-09-06T17:21:40","slug":"saiba-como-esta-a-evolucao-do-covid-19-em-adustina-ba","status":"publish","type":"post","link":"https:\/\/www.portalalerta.com.br\/index.php\/2020\/05\/25\/saiba-como-esta-a-evolucao-do-covid-19-em-adustina-ba\/","title":{"rendered":"Saiba como est\u00e1 a evolu\u00e7\u00e3o do Covid-19 em Adustina-BA"},"content":{"rendered":"<p style=\"text-align: justify;\">O munic\u00edpio de Adustina-BA, registrou o primeiro caso de Covid-19 (Coronav\u00edrus), no dia 04 de abril de 2020. A confirma\u00e7\u00e3o foi anunciada pelo prefeito da cidade, <strong><a href=\"https:\/\/www.portalalerta.com.br\/index.php\/2020\/04\/05\/prefeito-de-adustina-ba-confirma-o-primeiro-caso-de-coronavirus-no-municipio\/\">Paulo S\u00e9rgio, que divulgou o resultado do exame realizado no Laborat\u00f3rio Central do Estado (LACEN)<\/a>.<\/strong><!--more--><\/p>\n<p style=\"text-align: justify;\">A 15\u00aa semana foi considerada o pior per\u00edodo desde o in\u00edcio da pandemia, com 21 novos casos.<\/p>\n<h2 style=\"text-align: justify;\">Confira o gr\u00e1fico:<\/h2>\n<figure id=\"attachment_29181\" aria-describedby=\"caption-attachment-29181\" style=\"width: 540px\" class=\"wp-caption aligncenter\"><img fetchpriority=\"high\" decoding=\"async\" class=\"wp-image-29181 size-full\" src=\"https:\/\/www.portalalerta.com.br\/wp-content\/uploads\/2020\/05\/gr\u00e1fico-covid19-em-Adustina-2020.11.jpg\" alt=\"\" width=\"540\" height=\"430\" srcset=\"https:\/\/www.portalalerta.com.br\/wp-content\/uploads\/2020\/05\/gr\u00e1fico-covid19-em-Adustina-2020.11.jpg 540w, https:\/\/www.portalalerta.com.br\/wp-content\/uploads\/2020\/05\/gr\u00e1fico-covid19-em-Adustina-2020.11-301x240.jpg 301w, https:\/\/www.portalalerta.com.br\/wp-content\/uploads\/2020\/05\/gr\u00e1fico-covid19-em-Adustina-2020.11-183x146.jpg 183w, https:\/\/www.portalalerta.com.br\/wp-content\/uploads\/2020\/05\/gr\u00e1fico-covid19-em-Adustina-2020.11-50x40.jpg 50w, https:\/\/www.portalalerta.com.br\/wp-content\/uploads\/2020\/05\/gr\u00e1fico-covid19-em-Adustina-2020.11-94x75.jpg 94w\" sizes=\"(max-width: 540px) 100vw, 540px\" \/><figcaption id=\"caption-attachment-29181\" class=\"wp-caption-text\">Ao todo, 83 pessoas foram infectadas no munic\u00edpio<\/figcaption><\/figure>\n<p>&nbsp;<\/p>\n<figure id=\"attachment_29182\" aria-describedby=\"caption-attachment-29182\" style=\"width: 540px\" class=\"wp-caption aligncenter\"><img decoding=\"async\" class=\"wp-image-29182 size-full\" src=\"https:\/\/www.portalalerta.com.br\/wp-content\/uploads\/2020\/05\/gr\u00e1fico-covid19-em-Adustina-2020.12.jpg\" alt=\"\" width=\"540\" height=\"430\" srcset=\"https:\/\/www.portalalerta.com.br\/wp-content\/uploads\/2020\/05\/gr\u00e1fico-covid19-em-Adustina-2020.12.jpg 540w, https:\/\/www.portalalerta.com.br\/wp-content\/uploads\/2020\/05\/gr\u00e1fico-covid19-em-Adustina-2020.12-301x240.jpg 301w, https:\/\/www.portalalerta.com.br\/wp-content\/uploads\/2020\/05\/gr\u00e1fico-covid19-em-Adustina-2020.12-183x146.jpg 183w, https:\/\/www.portalalerta.com.br\/wp-content\/uploads\/2020\/05\/gr\u00e1fico-covid19-em-Adustina-2020.12-50x40.jpg 50w, https:\/\/www.portalalerta.com.br\/wp-content\/uploads\/2020\/05\/gr\u00e1fico-covid19-em-Adustina-2020.12-94x75.jpg 94w\" sizes=\"(max-width: 540px) 100vw, 540px\" \/><figcaption id=\"caption-attachment-29182\" class=\"wp-caption-text\">77 pacientes foram curados, e 02 evolu\u00edram a \u00f3bito<\/figcaption><\/figure>\n<h2 style=\"text-align: justify;\"><\/h2>\n<h2 style=\"text-align: justify;\">\u00a0Quadro Epidemiol\u00f3gico de Adustina:<\/h2>\n<p style=\"text-align: justify;\"><strong>Infectados:<\/strong>\u00a083<\/p>\n<p style=\"text-align: justify;\"><strong>Em tratamento:<\/strong>\u00a004<\/p>\n<p style=\"text-align: justify;\"><strong>Curados:<\/strong>\u00a077<\/p>\n<p style=\"text-align: justify;\"><strong>\u00d3bitos:<\/strong> 02<\/p>\n<p style=\"text-align: justify;\"><em>Reda\u00e7\u00e3o: Portal Alerta<\/em><\/p>\n<p><em><strong>#fiqueemcasa<\/strong><\/em><\/p>\n<p><em><strong>#usemascaras<\/strong><\/em><\/p>\n","protected":false},"excerpt":{"rendered":"<p>O munic\u00edpio de Adustina-BA, registrou o primeiro caso de Covid-19 (Coronav\u00edrus), no dia 04 de abril de 2020. A confirma\u00e7\u00e3o foi anunciada pelo prefeito da cidade, Paulo S\u00e9rgio, que divulgou o resultado do exame realizado no Laborat\u00f3rio Central do Estado (LACEN).<\/p>\n","protected":false},"author":2,"featured_media":8522,"comment_status":"open","ping_status":"open","sticky":false,"template":"","format":"standard","meta":{"om_disable_all_campaigns":false,"_monsterinsights_skip_tracking":false,"_monsterinsights_sitenote_active":false,"_monsterinsights_sitenote_note":"","_monsterinsights_sitenote_category":0,"footnotes":""},"categories":[40,20,69,32,19],"tags":[100,3429,3486,61],"class_list":["post-24514","post","type-post","status-publish","format-standard","has-post-thumbnail","hentry","category-adustina","category-educacao","category-noticias2","category-regiao","category-saude","tag-adustina","tag-coronavirus","tag-covid-19","tag-saude"],"aioseo_notices":[],"_links":{"self":[{"href":"https:\/\/www.portalalerta.com.br\/index.php\/wp-json\/wp\/v2\/posts\/24514","targetHints":{"allow":["GET"]}}],"collection":[{"href":"https:\/\/www.portalalerta.com.br\/index.php\/wp-json\/wp\/v2\/posts"}],"about":[{"href":"https:\/\/www.portalalerta.com.br\/index.php\/wp-json\/wp\/v2\/types\/post"}],"author":[{"embeddable":true,"href":"https:\/\/www.portalalerta.com.br\/index.php\/wp-json\/wp\/v2\/users\/2"}],"replies":[{"embeddable":true,"href":"https:\/\/www.portalalerta.com.br\/index.php\/wp-json\/wp\/v2\/comments?post=24514"}],"version-history":[{"count":33,"href":"https:\/\/www.portalalerta.com.br\/index.php\/wp-json\/wp\/v2\/posts\/24514\/revisions"}],"predecessor-version":[{"id":29193,"href":"https:\/\/www.portalalerta.com.br\/index.php\/wp-json\/wp\/v2\/posts\/24514\/revisions\/29193"}],"wp:featuredmedia":[{"embeddable":true,"href":"https:\/\/www.portalalerta.com.br\/index.php\/wp-json\/wp\/v2\/media\/8522"}],"wp:attachment":[{"href":"https:\/\/www.portalalerta.com.br\/index.php\/wp-json\/wp\/v2\/media?parent=24514"}],"wp:term":[{"taxonomy":"category","embeddable":true,"href":"https:\/\/www.portalalerta.com.br\/index.php\/wp-json\/wp\/v2\/categories?post=24514"},{"taxonomy":"post_tag","embeddable":true,"href":"https:\/\/www.portalalerta.com.br\/index.php\/wp-json\/wp\/v2\/tags?post=24514"}],"curies":[{"name":"wp","href":"https:\/\/api.w.org\/{rel}","templated":true}]}}