{"id":24517,"date":"2020-05-25T11:34:32","date_gmt":"2020-05-25T14:34:32","guid":{"rendered":"https:\/\/www.portalalerta.com.br\/?p=24517"},"modified":"2020-05-25T11:34:32","modified_gmt":"2020-05-25T14:34:32","slug":"paroquia-de-fatima-cria-canal-no-youtube-e-convida-fieis-a-assistirem-celebracoes-pela-internet","status":"publish","type":"post","link":"https:\/\/www.portalalerta.com.br\/index.php\/2020\/05\/25\/paroquia-de-fatima-cria-canal-no-youtube-e-convida-fieis-a-assistirem-celebracoes-pela-internet\/","title":{"rendered":"Par\u00f3quia de F\u00e1tima cria canal no YouTube e convida fi\u00e9is a assistirem celebra\u00e7\u00f5es pela internet"},"content":{"rendered":"<p style=\"text-align: justify;\">Por conta do atual quadro de pandemia do coronav\u00edrus, os templos religiosos em todo o mundo est\u00e3o sem receber fi\u00e9is e passaram a adotar as transmiss\u00f5es de streaming como aliadas na divulga\u00e7\u00e3o de cultos, missas e outros eventos, que continuam ocorrendo apenas como a presen\u00e7a dos celebrantes.<!--more--><\/p>\n<p style=\"text-align: justify;\">Na cidade de F\u00e1tima (BA), o panorama n\u00e3o \u00e9 diferente, a Par\u00f3quia S\u00e3o Francisco de Assis criou nesta semana um canal no YouTube para a veicula\u00e7\u00e3o de celebra\u00e7\u00f5es, mensagens, ora\u00e7\u00f5es e c\u00e2nticos religiosos, o que vai garantir a evangeliza\u00e7\u00e3o \u00e0 comunidade fatimense durante esse per\u00edodo at\u00edpico.<\/p>\n<p style=\"text-align: justify;\"><img fetchpriority=\"high\" decoding=\"async\" class=\"size-thumbnail wp-image-4869 aligncenter\" src=\"https:\/\/www.portalalerta.com.br\/wp-content\/uploads\/2018\/02\/Auto-Escola-Nobre-720x181.jpg\" alt=\"\" width=\"720\" height=\"181\" srcset=\"https:\/\/www.portalalerta.com.br\/wp-content\/uploads\/2018\/02\/Auto-Escola-Nobre.jpg 720w, https:\/\/www.portalalerta.com.br\/wp-content\/uploads\/2018\/02\/Auto-Escola-Nobre-260x65.jpg 260w, https:\/\/www.portalalerta.com.br\/wp-content\/uploads\/2018\/02\/Auto-Escola-Nobre-50x13.jpg 50w, https:\/\/www.portalalerta.com.br\/wp-content\/uploads\/2018\/02\/Auto-Escola-Nobre-150x38.jpg 150w\" sizes=\"(max-width: 720px) 100vw, 720px\" \/>P\u00e1roco da Igreja, o padre Pedro Rivaldo gravou at\u00e9 um v\u00eddeo no qual pede aos fi\u00e9is fatimenses, inclusive aos n\u00e3o residentes no munic\u00edpio, que se inscrevam no perfil da S\u00e3o Francisco de Assis: \u201cS\u00e3o muitos os fatimenses em outros lugares, e pessoas amigas que certamente v\u00e3o nos ajudar. Certamente, atrav\u00e9s desta conta vamos evangelizar e vai ser muito bom para a nossa caminhada nessa par\u00f3quia\u201d.<\/p>\n<p style=\"text-align: justify;\">De acordo com o religioso, a meta inicial \u00e9 atingir 1000 inscritos no canal da par\u00f3quia (clique\u00a0<a href=\"https:\/\/www.youtube.com\/channel\/UCpQnpfglzmD-OjcYD9XVh9w\/featured\">aqui<\/a>\u00a0para acessar): \u201cN\u00e3o queremos s\u00f3 mil inscritos n\u00e3o, queremos muito mais\u201d.\u00a0<strong>Confira a seguir, o v\u00eddeo com a fala do padre Pedro Rivaldo:<\/strong><\/p>\n<p>https:\/\/www.youtube.com\/watch?v=WtpEiEJw8_c<\/p>\n<p style=\"text-align: justify;\"><em>Fonte: Sert\u00e3o em Pauta <\/em><\/p>\n","protected":false},"excerpt":{"rendered":"<p>Por conta do atual quadro de pandemia do coronav\u00edrus, os templos religiosos em todo o mundo est\u00e3o sem receber fi\u00e9is e passaram a adotar as transmiss\u00f5es de streaming como aliadas na divulga\u00e7\u00e3o de cultos, missas e outros eventos, que continuam ocorrendo apenas como a presen\u00e7a dos celebrantes.<\/p>\n","protected":false},"author":2,"featured_media":24518,"comment_status":"open","ping_status":"open","sticky":false,"template":"","format":"standard","meta":{"om_disable_all_campaigns":false,"_monsterinsights_skip_tracking":false,"_monsterinsights_sitenote_active":false,"_monsterinsights_sitenote_note":"","_monsterinsights_sitenote_category":0,"footnotes":""},"categories":[70,10,69,32,68],"tags":[107,1009,3676,296,29],"class_list":["post-24517","post","type-post","status-publish","format-standard","has-post-thumbnail","hentry","category-destaques","category-fatima","category-noticias2","category-regiao","category-videos","tag-fatima","tag-igreja-catolica","tag-missa","tag-padre","tag-video"],"aioseo_notices":[],"_links":{"self":[{"href":"https:\/\/www.portalalerta.com.br\/index.php\/wp-json\/wp\/v2\/posts\/24517","targetHints":{"allow":["GET"]}}],"collection":[{"href":"https:\/\/www.portalalerta.com.br\/index.php\/wp-json\/wp\/v2\/posts"}],"about":[{"href":"https:\/\/www.portalalerta.com.br\/index.php\/wp-json\/wp\/v2\/types\/post"}],"author":[{"embeddable":true,"href":"https:\/\/www.portalalerta.com.br\/index.php\/wp-json\/wp\/v2\/users\/2"}],"replies":[{"embeddable":true,"href":"https:\/\/www.portalalerta.com.br\/index.php\/wp-json\/wp\/v2\/comments?post=24517"}],"version-history":[{"count":1,"href":"https:\/\/www.portalalerta.com.br\/index.php\/wp-json\/wp\/v2\/posts\/24517\/revisions"}],"predecessor-version":[{"id":24519,"href":"https:\/\/www.portalalerta.com.br\/index.php\/wp-json\/wp\/v2\/posts\/24517\/revisions\/24519"}],"wp:featuredmedia":[{"embeddable":true,"href":"https:\/\/www.portalalerta.com.br\/index.php\/wp-json\/wp\/v2\/media\/24518"}],"wp:attachment":[{"href":"https:\/\/www.portalalerta.com.br\/index.php\/wp-json\/wp\/v2\/media?parent=24517"}],"wp:term":[{"taxonomy":"category","embeddable":true,"href":"https:\/\/www.portalalerta.com.br\/index.php\/wp-json\/wp\/v2\/categories?post=24517"},{"taxonomy":"post_tag","embeddable":true,"href":"https:\/\/www.portalalerta.com.br\/index.php\/wp-json\/wp\/v2\/tags?post=24517"}],"curies":[{"name":"wp","href":"https:\/\/api.w.org\/{rel}","templated":true}]}}