{"id":24521,"date":"2020-05-25T11:41:36","date_gmt":"2020-05-25T14:41:36","guid":{"rendered":"https:\/\/www.portalalerta.com.br\/?p=24521"},"modified":"2020-05-25T11:41:36","modified_gmt":"2020-05-25T14:41:36","slug":"senador-propoe-cortar-pela-metade-salarios-de-parlamentares-durante-pandemia","status":"publish","type":"post","link":"https:\/\/www.portalalerta.com.br\/index.php\/2020\/05\/25\/senador-propoe-cortar-pela-metade-salarios-de-parlamentares-durante-pandemia\/","title":{"rendered":"Senador prop\u00f5e cortar pela metade sal\u00e1rios de parlamentares durante pandemia"},"content":{"rendered":"<p style=\"text-align: justify;\">O senador Randolfe Rodrigues, da Rede do Amap\u00e1, prop\u00f4s cortar pela metade os sal\u00e1rios de\u00a0deputados\u00a0e senadores durante a\u00a0pandemia.<!--more--><\/p>\n<p style=\"text-align: justify;\">Randolfe, l\u00edder da Oposi\u00e7\u00e3o na Casa, tamb\u00e9m apresentou um projeto para reduzir \u00e0 metade a cota parlamentar dos senadores.\u00a0 Segundo os projetos, os recursos economizados com essas medidas seriam destinados ao combate ao coronav\u00edrus.<\/p>\n<p style=\"text-align: justify;\"><img fetchpriority=\"high\" decoding=\"async\" class=\"size-thumbnail wp-image-23589 aligncenter\" src=\"https:\/\/www.portalalerta.com.br\/wp-content\/uploads\/2020\/04\/real-acordo-720x93.jpg\" alt=\"\" width=\"720\" height=\"93\" \/>Caso a proposta seja aprovada, os sal\u00e1rios dos parlamentares federais seriam de R$ 16,9 mil at\u00e9 o fim da calamidade p\u00fablica \u2014 pelo menos at\u00e9 dezembro deste ano.<\/p>\n<p style=\"text-align: justify;\"><em>Fonte: A Voz do Campo<\/em><\/p>\n","protected":false},"excerpt":{"rendered":"<p>O senador Randolfe Rodrigues, da Rede do Amap\u00e1, prop\u00f4s cortar pela metade os sal\u00e1rios de\u00a0deputados\u00a0e senadores durante a\u00a0pandemia.<\/p>\n","protected":false},"author":2,"featured_media":24522,"comment_status":"open","ping_status":"open","sticky":false,"template":"","format":"standard","meta":{"om_disable_all_campaigns":false,"_monsterinsights_skip_tracking":false,"_monsterinsights_sitenote_active":false,"_monsterinsights_sitenote_note":"","_monsterinsights_sitenote_category":0,"footnotes":""},"categories":[34,70,69,21],"tags":[93,717,3677,233],"class_list":["post-24521","post","type-post","status-publish","format-standard","has-post-thumbnail","hentry","category-brasil","category-destaques","category-noticias2","category-politica","tag-brasil","tag-cortes-salariais","tag-randolfe-rodrigues","tag-senador"],"aioseo_notices":[],"_links":{"self":[{"href":"https:\/\/www.portalalerta.com.br\/index.php\/wp-json\/wp\/v2\/posts\/24521","targetHints":{"allow":["GET"]}}],"collection":[{"href":"https:\/\/www.portalalerta.com.br\/index.php\/wp-json\/wp\/v2\/posts"}],"about":[{"href":"https:\/\/www.portalalerta.com.br\/index.php\/wp-json\/wp\/v2\/types\/post"}],"author":[{"embeddable":true,"href":"https:\/\/www.portalalerta.com.br\/index.php\/wp-json\/wp\/v2\/users\/2"}],"replies":[{"embeddable":true,"href":"https:\/\/www.portalalerta.com.br\/index.php\/wp-json\/wp\/v2\/comments?post=24521"}],"version-history":[{"count":1,"href":"https:\/\/www.portalalerta.com.br\/index.php\/wp-json\/wp\/v2\/posts\/24521\/revisions"}],"predecessor-version":[{"id":24523,"href":"https:\/\/www.portalalerta.com.br\/index.php\/wp-json\/wp\/v2\/posts\/24521\/revisions\/24523"}],"wp:featuredmedia":[{"embeddable":true,"href":"https:\/\/www.portalalerta.com.br\/index.php\/wp-json\/wp\/v2\/media\/24522"}],"wp:attachment":[{"href":"https:\/\/www.portalalerta.com.br\/index.php\/wp-json\/wp\/v2\/media?parent=24521"}],"wp:term":[{"taxonomy":"category","embeddable":true,"href":"https:\/\/www.portalalerta.com.br\/index.php\/wp-json\/wp\/v2\/categories?post=24521"},{"taxonomy":"post_tag","embeddable":true,"href":"https:\/\/www.portalalerta.com.br\/index.php\/wp-json\/wp\/v2\/tags?post=24521"}],"curies":[{"name":"wp","href":"https:\/\/api.w.org\/{rel}","templated":true}]}}