{"id":24534,"date":"2020-05-25T15:05:50","date_gmt":"2020-05-25T18:05:50","guid":{"rendered":"https:\/\/www.portalalerta.com.br\/?p=24534"},"modified":"2021-01-14T14:10:54","modified_gmt":"2021-01-14T17:10:54","slug":"saiba-como-esta-a-evolucao-do-covid-19-em-cicero-dantas-ba","status":"publish","type":"post","link":"https:\/\/www.portalalerta.com.br\/index.php\/2020\/05\/25\/saiba-como-esta-a-evolucao-do-covid-19-em-cicero-dantas-ba\/","title":{"rendered":"Saiba como est\u00e1 a evolu\u00e7\u00e3o do Covid-19 em C\u00edcero Dantas-BA"},"content":{"rendered":"<p style=\"text-align: justify;\">O munic\u00edpio de C\u00edcero Dantas-BA, registrou o primeiro caso de Covid-19 (Coronav\u00edrus), no dia 21 de maio de 2020. A confirma\u00e7\u00e3o foi anunciada pelo prefeito da cidade, Dr. Ricardo Almeida, em companhia da Secret\u00e1ria Municipal de Sa\u00fade, Paula Luisa, que divulgou o resultado do exame realizado por teste r\u00e1pido.<!--more--><\/p>\n<p style=\"text-align: justify;\">A 17\u00aa semana foi considerada o per\u00edodo mais cr\u00edtico desde o in\u00edcio da pandemia, com 91 novos casos.<\/p>\n<h2 style=\"text-align: justify;\">Confira os gr\u00e1ficos:<\/h2>\n<figure id=\"attachment_31933\" aria-describedby=\"caption-attachment-31933\" style=\"width: 540px\" class=\"wp-caption aligncenter\"><img fetchpriority=\"high\" decoding=\"async\" class=\"wp-image-31933 size-full\" src=\"https:\/\/www.portalalerta.com.br\/wp-content\/uploads\/2020\/05\/gr\u00e1fico-covid19-em-C\u00edcero-Dantas-2021.jpg\" alt=\"\" width=\"540\" height=\"430\" srcset=\"https:\/\/www.portalalerta.com.br\/wp-content\/uploads\/2020\/05\/gr\u00e1fico-covid19-em-C\u00edcero-Dantas-2021.jpg 540w, https:\/\/www.portalalerta.com.br\/wp-content\/uploads\/2020\/05\/gr\u00e1fico-covid19-em-C\u00edcero-Dantas-2021-301x240.jpg 301w, https:\/\/www.portalalerta.com.br\/wp-content\/uploads\/2020\/05\/gr\u00e1fico-covid19-em-C\u00edcero-Dantas-2021-183x146.jpg 183w, https:\/\/www.portalalerta.com.br\/wp-content\/uploads\/2020\/05\/gr\u00e1fico-covid19-em-C\u00edcero-Dantas-2021-50x40.jpg 50w, https:\/\/www.portalalerta.com.br\/wp-content\/uploads\/2020\/05\/gr\u00e1fico-covid19-em-C\u00edcero-Dantas-2021-94x75.jpg 94w\" sizes=\"(max-width: 540px) 100vw, 540px\" \/><figcaption id=\"caption-attachment-31933\" class=\"wp-caption-text\">Ao todo foram registrados 1028 casos em C\u00edcero Dantas-BA<\/figcaption><\/figure>\n<p>&nbsp;<\/p>\n<figure id=\"attachment_31935\" aria-describedby=\"caption-attachment-31935\" style=\"width: 540px\" class=\"wp-caption aligncenter\"><img decoding=\"async\" class=\"wp-image-31935 size-full\" src=\"https:\/\/www.portalalerta.com.br\/wp-content\/uploads\/2020\/05\/gr\u00e1fico-covid19-em-C\u00edcero-Dantas-2021.1.jpg\" alt=\"\" width=\"540\" height=\"430\" srcset=\"https:\/\/www.portalalerta.com.br\/wp-content\/uploads\/2020\/05\/gr\u00e1fico-covid19-em-C\u00edcero-Dantas-2021.1.jpg 540w, https:\/\/www.portalalerta.com.br\/wp-content\/uploads\/2020\/05\/gr\u00e1fico-covid19-em-C\u00edcero-Dantas-2021.1-301x240.jpg 301w, https:\/\/www.portalalerta.com.br\/wp-content\/uploads\/2020\/05\/gr\u00e1fico-covid19-em-C\u00edcero-Dantas-2021.1-183x146.jpg 183w, https:\/\/www.portalalerta.com.br\/wp-content\/uploads\/2020\/05\/gr\u00e1fico-covid19-em-C\u00edcero-Dantas-2021.1-50x40.jpg 50w, https:\/\/www.portalalerta.com.br\/wp-content\/uploads\/2020\/05\/gr\u00e1fico-covid19-em-C\u00edcero-Dantas-2021.1-94x75.jpg 94w\" sizes=\"(max-width: 540px) 100vw, 540px\" \/><figcaption id=\"caption-attachment-31935\" class=\"wp-caption-text\">Foram registradas 982 curas, e 13 \u00f3bitos<\/figcaption><\/figure>\n<h2 style=\"text-align: justify;\"><\/h2>\n<h2 style=\"text-align: justify;\">Quadro Epidemiol\u00f3gico de C\u00edcero Dantas:<\/h2>\n<p style=\"text-align: justify;\"><strong>Infectados:<\/strong>\u00a01.028<\/p>\n<p style=\"text-align: justify;\"><strong>Em tratamento:<\/strong>\u00a033<\/p>\n<p style=\"text-align: justify;\"><strong>Curados:<\/strong>\u00a0982<\/p>\n<p style=\"text-align: justify;\"><strong>\u00d3bitos:<\/strong>\u00a013<\/p>\n<p style=\"text-align: justify;\"><em>Reda\u00e7\u00e3o: Portal Alerta<\/em><\/p>\n<p style=\"text-align: justify;\"><strong><em>#fiqueemcasa<\/em><\/strong><\/p>\n<p><em><strong>#usemascaras<\/strong><\/em><\/p>\n","protected":false},"excerpt":{"rendered":"<p>O munic\u00edpio de C\u00edcero Dantas-BA, registrou o primeiro caso de Covid-19 (Coronav\u00edrus), no dia 21 de maio de 2020. A confirma\u00e7\u00e3o foi anunciada pelo prefeito da cidade, Dr. Ricardo Almeida, em companhia da Secret\u00e1ria Municipal de Sa\u00fade, Paula Luisa, que divulgou o resultado do exame realizado por teste r\u00e1pido.<\/p>\n","protected":false},"author":2,"featured_media":19760,"comment_status":"open","ping_status":"open","sticky":false,"template":"","format":"standard","meta":{"om_disable_all_campaigns":false,"_monsterinsights_skip_tracking":false,"_monsterinsights_sitenote_active":false,"_monsterinsights_sitenote_note":"","_monsterinsights_sitenote_category":0,"footnotes":""},"categories":[4,69,32,19],"tags":[75,3429,3486,61],"class_list":["post-24534","post","type-post","status-publish","format-standard","has-post-thumbnail","hentry","category-cicero-dantas","category-noticias2","category-regiao","category-saude","tag-cicero-dantas","tag-coronavirus","tag-covid-19","tag-saude"],"aioseo_notices":[],"_links":{"self":[{"href":"https:\/\/www.portalalerta.com.br\/index.php\/wp-json\/wp\/v2\/posts\/24534","targetHints":{"allow":["GET"]}}],"collection":[{"href":"https:\/\/www.portalalerta.com.br\/index.php\/wp-json\/wp\/v2\/posts"}],"about":[{"href":"https:\/\/www.portalalerta.com.br\/index.php\/wp-json\/wp\/v2\/types\/post"}],"author":[{"embeddable":true,"href":"https:\/\/www.portalalerta.com.br\/index.php\/wp-json\/wp\/v2\/users\/2"}],"replies":[{"embeddable":true,"href":"https:\/\/www.portalalerta.com.br\/index.php\/wp-json\/wp\/v2\/comments?post=24534"}],"version-history":[{"count":42,"href":"https:\/\/www.portalalerta.com.br\/index.php\/wp-json\/wp\/v2\/posts\/24534\/revisions"}],"predecessor-version":[{"id":31936,"href":"https:\/\/www.portalalerta.com.br\/index.php\/wp-json\/wp\/v2\/posts\/24534\/revisions\/31936"}],"wp:featuredmedia":[{"embeddable":true,"href":"https:\/\/www.portalalerta.com.br\/index.php\/wp-json\/wp\/v2\/media\/19760"}],"wp:attachment":[{"href":"https:\/\/www.portalalerta.com.br\/index.php\/wp-json\/wp\/v2\/media?parent=24534"}],"wp:term":[{"taxonomy":"category","embeddable":true,"href":"https:\/\/www.portalalerta.com.br\/index.php\/wp-json\/wp\/v2\/categories?post=24534"},{"taxonomy":"post_tag","embeddable":true,"href":"https:\/\/www.portalalerta.com.br\/index.php\/wp-json\/wp\/v2\/tags?post=24534"}],"curies":[{"name":"wp","href":"https:\/\/api.w.org\/{rel}","templated":true}]}}