{"id":24538,"date":"2020-05-25T15:08:49","date_gmt":"2020-05-25T18:08:49","guid":{"rendered":"https:\/\/www.portalalerta.com.br\/?p=24538"},"modified":"2020-05-25T15:08:49","modified_gmt":"2020-05-25T18:08:49","slug":"coronavirus-eua-anunciam-proibicao-de-entrada-de-viajantes-vindos-do-brasil","status":"publish","type":"post","link":"https:\/\/www.portalalerta.com.br\/index.php\/2020\/05\/25\/coronavirus-eua-anunciam-proibicao-de-entrada-de-viajantes-vindos-do-brasil\/","title":{"rendered":"Coronav\u00edrus: EUA anunciam proibi\u00e7\u00e3o de entrada de viajantes vindos do Brasil"},"content":{"rendered":"<p style=\"text-align: justify;\">Os Estados Unidos anunciaram domingo (24) que ir\u00e3o barrar a entrada de pessoas vindas do Brasil por causa da pandemia de coronav\u00edrus, atrav\u00e9s de um decreto assinado pelo presidente Donald Trump.<!--more--><\/p>\n<p style=\"text-align: justify;\"><img fetchpriority=\"high\" decoding=\"async\" class=\"size-thumbnail wp-image-9394 alignleft\" src=\"https:\/\/www.portalalerta.com.br\/wp-content\/uploads\/2018\/07\/05elab-320x240.jpg\" alt=\"\" width=\"320\" height=\"240\" srcset=\"https:\/\/www.portalalerta.com.br\/wp-content\/uploads\/2018\/07\/05elab-320x240.jpg 320w, https:\/\/www.portalalerta.com.br\/wp-content\/uploads\/2018\/07\/05elab-195x146.jpg 195w, https:\/\/www.portalalerta.com.br\/wp-content\/uploads\/2018\/07\/05elab-50x38.jpg 50w, https:\/\/www.portalalerta.com.br\/wp-content\/uploads\/2018\/07\/05elab-100x75.jpg 100w, https:\/\/www.portalalerta.com.br\/wp-content\/uploads\/2018\/07\/05elab.jpg 400w\" sizes=\"(max-width: 320px) 100vw, 320px\" \/>Trump j\u00e1 havia cogitado tomar a medida h\u00e1 alguns dias, devido ao aumento do n\u00famero de casos no Brasil, que ocupa o segundo lugar entre os pa\u00edses com mais pessoas contaminadas, atr\u00e1s justamente dos EUA.<\/p>\n<p style=\"text-align: justify;\">\u201cHoje o presidente tomou a a\u00e7\u00e3o decisiva para proteger nosso pa\u00eds, ao suspender a entrada de estrangeiros que estiveram no pa\u00eds durante um per\u00edodo de 14 dias antes de buscar a admiss\u00e3o nos Estados Unidos\u201d, diz um comunicado deste domingo da secret\u00e1ria de imprensa da Casa Branca, Kayleigh McEnany.<\/p>\n<p style=\"text-align: justify;\"><em>Fonte: R\u00e1dio Povo<\/em><\/p>\n<p style=\"text-align: justify;\"><em>Com informa\u00e7\u00f5es: \u00a0Metro1<\/em><\/p>\n","protected":false},"excerpt":{"rendered":"<p>Os Estados Unidos anunciaram domingo (24) que ir\u00e3o barrar a entrada de pessoas vindas do Brasil por causa da pandemia de coronav\u00edrus, atrav\u00e9s de um decreto assinado pelo presidente Donald Trump.<\/p>\n","protected":false},"author":2,"featured_media":14685,"comment_status":"open","ping_status":"open","sticky":false,"template":"","format":"standard","meta":{"om_disable_all_campaigns":false,"_monsterinsights_skip_tracking":false,"_monsterinsights_sitenote_active":false,"_monsterinsights_sitenote_note":"","_monsterinsights_sitenote_category":0,"footnotes":""},"categories":[34,70,35,69,21,19],"tags":[93,3429,3486,327,339,61],"class_list":["post-24538","post","type-post","status-publish","format-standard","has-post-thumbnail","hentry","category-brasil","category-destaques","category-mundo","category-noticias2","category-politica","category-saude","tag-brasil","tag-coronavirus","tag-covid-19","tag-eua","tag-mundo","tag-saude"],"aioseo_notices":[],"_links":{"self":[{"href":"https:\/\/www.portalalerta.com.br\/index.php\/wp-json\/wp\/v2\/posts\/24538","targetHints":{"allow":["GET"]}}],"collection":[{"href":"https:\/\/www.portalalerta.com.br\/index.php\/wp-json\/wp\/v2\/posts"}],"about":[{"href":"https:\/\/www.portalalerta.com.br\/index.php\/wp-json\/wp\/v2\/types\/post"}],"author":[{"embeddable":true,"href":"https:\/\/www.portalalerta.com.br\/index.php\/wp-json\/wp\/v2\/users\/2"}],"replies":[{"embeddable":true,"href":"https:\/\/www.portalalerta.com.br\/index.php\/wp-json\/wp\/v2\/comments?post=24538"}],"version-history":[{"count":1,"href":"https:\/\/www.portalalerta.com.br\/index.php\/wp-json\/wp\/v2\/posts\/24538\/revisions"}],"predecessor-version":[{"id":24539,"href":"https:\/\/www.portalalerta.com.br\/index.php\/wp-json\/wp\/v2\/posts\/24538\/revisions\/24539"}],"wp:featuredmedia":[{"embeddable":true,"href":"https:\/\/www.portalalerta.com.br\/index.php\/wp-json\/wp\/v2\/media\/14685"}],"wp:attachment":[{"href":"https:\/\/www.portalalerta.com.br\/index.php\/wp-json\/wp\/v2\/media?parent=24538"}],"wp:term":[{"taxonomy":"category","embeddable":true,"href":"https:\/\/www.portalalerta.com.br\/index.php\/wp-json\/wp\/v2\/categories?post=24538"},{"taxonomy":"post_tag","embeddable":true,"href":"https:\/\/www.portalalerta.com.br\/index.php\/wp-json\/wp\/v2\/tags?post=24538"}],"curies":[{"name":"wp","href":"https:\/\/api.w.org\/{rel}","templated":true}]}}