{"id":24540,"date":"2020-05-25T15:12:54","date_gmt":"2020-05-25T18:12:54","guid":{"rendered":"https:\/\/www.portalalerta.com.br\/?p=24540"},"modified":"2020-05-25T15:12:54","modified_gmt":"2020-05-25T18:12:54","slug":"jeremoabo-ba-decreto-prorroga-vencimento-do-iptu-veja-novo-vencimento","status":"publish","type":"post","link":"https:\/\/www.portalalerta.com.br\/index.php\/2020\/05\/25\/jeremoabo-ba-decreto-prorroga-vencimento-do-iptu-veja-novo-vencimento\/","title":{"rendered":"Jeremoabo BA: Decreto prorroga vencimento do IPTU; veja novo vencimento"},"content":{"rendered":"<p style=\"text-align: justify;\">O Prefeito Municipal de Jeremoabo-BA, Derisvaldo Jos\u00e9 dos Santos, publicou o Decreto N.\u00ba 054\/2020, de 22.05.2020, que disp\u00f5e sobre a prorroga\u00e7\u00e3o do vencimento para pagamento da cota \u00fanica, do Imposto Predial Territorial Urbano \u2013 IPTU e Taxa de Limpeza P\u00fablica &#8211; TLP, do exerc\u00edcio de 2020, em fun\u00e7\u00e3o da pandemia do COVID-19.<!--more--><\/p>\n<p style=\"text-align: justify;\"><img fetchpriority=\"high\" decoding=\"async\" class=\"size-thumbnail wp-image-4869 aligncenter\" src=\"https:\/\/www.portalalerta.com.br\/wp-content\/uploads\/2018\/02\/Auto-Escola-Nobre-720x181.jpg\" alt=\"\" width=\"720\" height=\"181\" srcset=\"https:\/\/www.portalalerta.com.br\/wp-content\/uploads\/2018\/02\/Auto-Escola-Nobre.jpg 720w, https:\/\/www.portalalerta.com.br\/wp-content\/uploads\/2018\/02\/Auto-Escola-Nobre-260x65.jpg 260w, https:\/\/www.portalalerta.com.br\/wp-content\/uploads\/2018\/02\/Auto-Escola-Nobre-50x13.jpg 50w, https:\/\/www.portalalerta.com.br\/wp-content\/uploads\/2018\/02\/Auto-Escola-Nobre-150x38.jpg 150w\" sizes=\"(max-width: 720px) 100vw, 720px\" \/>Os impostos poder\u00e3o ser pagos em cota \u00fanica ou em 04 (quatro) parcelas, iguais e consecutivas, respeitando as seguintes datas:<\/p>\n<table>\n<tbody>\n<tr>\n<td width=\"283\">PARCELAS<\/td>\n<td width=\"283\">VENCIMENTO<\/td>\n<\/tr>\n<tr>\n<td width=\"283\">\u00danica<\/td>\n<td width=\"283\">30\/06\/2020<\/td>\n<\/tr>\n<tr>\n<td width=\"283\">Primeira<\/td>\n<td width=\"283\">30\/06\/2020<\/td>\n<\/tr>\n<tr>\n<td width=\"283\">Segunda<\/td>\n<td width=\"283\">31\/07\/2020<\/td>\n<\/tr>\n<tr>\n<td width=\"283\">Terceira<\/td>\n<td width=\"283\">31\/08\/2020<\/td>\n<\/tr>\n<tr>\n<td width=\"283\">Quarta<\/td>\n<td width=\"283\">30\/09\/2020<\/td>\n<\/tr>\n<\/tbody>\n<\/table>\n<p style=\"text-align: justify;\">\u00a0Fica mantido o desconto de 30% (trinta por cento) sobre o valor do imposto, para aqueles que realizarem o pagamento na modalidade de cota \u00fanica.<\/p>\n<p style=\"text-align: justify;\">No Decreto, ainda n\u00e3o foi atendido requerimento de vereadores da oposi\u00e7\u00e3o, aprovado pela C\u00e2mara Municipal, para isen\u00e7\u00e3o de parte do Imposto.<\/p>\n<p style=\"text-align: justify;\"><em>Fonte: Jeremoabo.com<\/em><\/p>\n","protected":false},"excerpt":{"rendered":"<p>O Prefeito Municipal de Jeremoabo-BA, Derisvaldo Jos\u00e9 dos Santos, publicou o Decreto N.\u00ba 054\/2020, de 22.05.2020, que disp\u00f5e sobre a prorroga\u00e7\u00e3o do vencimento para pagamento da cota \u00fanica, do Imposto Predial Territorial Urbano \u2013 IPTU e Taxa de Limpeza P\u00fablica &#8211; TLP, do exerc\u00edcio de 2020, em fun\u00e7\u00e3o da pandemia do COVID-19.<\/p>\n","protected":false},"author":2,"featured_media":22865,"comment_status":"open","ping_status":"open","sticky":false,"template":"","format":"standard","meta":{"om_disable_all_campaigns":false,"_monsterinsights_skip_tracking":false,"_monsterinsights_sitenote_active":false,"_monsterinsights_sitenote_note":"","_monsterinsights_sitenote_category":0,"footnotes":""},"categories":[70,9,69,21,32],"tags":[2991,2863,230],"class_list":["post-24540","post","type-post","status-publish","format-standard","has-post-thumbnail","hentry","category-destaques","category-jeremoabo","category-noticias2","category-politica","category-regiao","tag-decreto-municipal","tag-iptu","tag-jeremoabo"],"aioseo_notices":[],"_links":{"self":[{"href":"https:\/\/www.portalalerta.com.br\/index.php\/wp-json\/wp\/v2\/posts\/24540","targetHints":{"allow":["GET"]}}],"collection":[{"href":"https:\/\/www.portalalerta.com.br\/index.php\/wp-json\/wp\/v2\/posts"}],"about":[{"href":"https:\/\/www.portalalerta.com.br\/index.php\/wp-json\/wp\/v2\/types\/post"}],"author":[{"embeddable":true,"href":"https:\/\/www.portalalerta.com.br\/index.php\/wp-json\/wp\/v2\/users\/2"}],"replies":[{"embeddable":true,"href":"https:\/\/www.portalalerta.com.br\/index.php\/wp-json\/wp\/v2\/comments?post=24540"}],"version-history":[{"count":1,"href":"https:\/\/www.portalalerta.com.br\/index.php\/wp-json\/wp\/v2\/posts\/24540\/revisions"}],"predecessor-version":[{"id":24541,"href":"https:\/\/www.portalalerta.com.br\/index.php\/wp-json\/wp\/v2\/posts\/24540\/revisions\/24541"}],"wp:featuredmedia":[{"embeddable":true,"href":"https:\/\/www.portalalerta.com.br\/index.php\/wp-json\/wp\/v2\/media\/22865"}],"wp:attachment":[{"href":"https:\/\/www.portalalerta.com.br\/index.php\/wp-json\/wp\/v2\/media?parent=24540"}],"wp:term":[{"taxonomy":"category","embeddable":true,"href":"https:\/\/www.portalalerta.com.br\/index.php\/wp-json\/wp\/v2\/categories?post=24540"},{"taxonomy":"post_tag","embeddable":true,"href":"https:\/\/www.portalalerta.com.br\/index.php\/wp-json\/wp\/v2\/tags?post=24540"}],"curies":[{"name":"wp","href":"https:\/\/api.w.org\/{rel}","templated":true}]}}