{"id":24545,"date":"2020-05-25T15:26:25","date_gmt":"2020-05-25T18:26:25","guid":{"rendered":"https:\/\/www.portalalerta.com.br\/?p=24545"},"modified":"2020-05-25T15:26:25","modified_gmt":"2020-05-25T18:26:25","slug":"prefeitura-de-cicero-dantas-ba-confirma-segundo-caso-de-covid-19-no-municipio-paciente-se-encontra-em-salvador-ba","status":"publish","type":"post","link":"https:\/\/www.portalalerta.com.br\/index.php\/2020\/05\/25\/prefeitura-de-cicero-dantas-ba-confirma-segundo-caso-de-covid-19-no-municipio-paciente-se-encontra-em-salvador-ba\/","title":{"rendered":"Prefeitura de C\u00edcero Dantas-BA confirma segundo caso de Covid-19 no munic\u00edpio. Paciente se encontra em Salvador-BA!"},"content":{"rendered":"<p style=\"text-align: justify;\">A Secretaria Municipal de Sa\u00fade de C\u00edcero Dantas confirmou na manh\u00e3 desta segunda-feira (25), o registro do segundo caso de coronav\u00edrus do munic\u00edpio baiano. O paciente infectado \u00e9 um homem de 46 anos de idade, residente da cidade, mas que se encontra internado na cidade de Salvador.<!--more--><\/p>\n<p style=\"text-align: justify;\"><img fetchpriority=\"high\" decoding=\"async\" class=\"size-thumbnail wp-image-9394 alignleft\" src=\"https:\/\/www.portalalerta.com.br\/wp-content\/uploads\/2018\/07\/05elab-320x240.jpg\" alt=\"\" width=\"320\" height=\"240\" srcset=\"https:\/\/www.portalalerta.com.br\/wp-content\/uploads\/2018\/07\/05elab-320x240.jpg 320w, https:\/\/www.portalalerta.com.br\/wp-content\/uploads\/2018\/07\/05elab-195x146.jpg 195w, https:\/\/www.portalalerta.com.br\/wp-content\/uploads\/2018\/07\/05elab-50x38.jpg 50w, https:\/\/www.portalalerta.com.br\/wp-content\/uploads\/2018\/07\/05elab-100x75.jpg 100w, https:\/\/www.portalalerta.com.br\/wp-content\/uploads\/2018\/07\/05elab.jpg 400w\" sizes=\"(max-width: 320px) 100vw, 320px\" \/>De acordo com nota divulgada pela secretaria, o homem havia se dirigido ao Hospital Luis Eduardo Magalh\u00e3es no dia 05 de maio, e em sequ\u00eancia foi feita a sua transfer\u00eancia para uma unidade na capital do estado. L\u00e1, ele passou por dois testes r\u00e1pidos que n\u00e3o detectaram a presen\u00e7a do v\u00edrus da Covid-19.<\/p>\n<p style=\"text-align: justify;\">Por\u00e9m, no \u00faltimo dia 20 ele foi submetido a uma coleta do tipo swab para a realiza\u00e7\u00e3o do teste RT-PCR, que possui uma sensibilidade maior em compara\u00e7\u00e3o com o r\u00e1pido. Diante disso, o resultado do exame foi informado \u00e0 secretaria na tarde deste domingo (24), e se mostrou positivo para novo coronav\u00edrus.<\/p>\n<p style=\"text-align: justify;\">A secretaria diz reconhecer o paciente como pertencente ao munic\u00edpio, mas ressalta que o \u201cmesmo obteve o diagn\u00f3stico positivo ap\u00f3s 14 dias de transfer\u00eancia da nossa unidade hospitalar\u201d. A pasta ainda afirma que este panorama exclui qualquer possibilidade de cont\u00e1gio do indiv\u00edduo na cidade de C\u00edcero Dantas.<\/p>\n<p style=\"text-align: justify;\">O Minist\u00e9rio da Sa\u00fade recomenda, inclusive, que a detec\u00e7\u00e3o do coronav\u00edrus pelo m\u00e9todo RT-PCR \u2013 considerado o padr\u00e3o-ouro para diagn\u00f3stico de Covid-19 \u2013 seja feita entre o 3\u00ba e o 7\u00ba dia (no m\u00e1ximo at\u00e9 o 10\u00ba) ap\u00f3s o in\u00edcio dos sintomas, j\u00e1 que depois desse per\u00edodo, a carga viral come\u00e7a a cair.<\/p>\n<h1 class=\"entry-title\"><a href=\"https:\/\/www.portalalerta.com.br\/index.php\/2020\/05\/25\/saiba-como-esta-a-evolucao-do-covid-19-em-cicero-dantas-ba\/\">Saiba como est\u00e1 a evolu\u00e7\u00e3o do Covid-19 em C\u00edcero Dantas-BA<\/a><\/h1>\n<p style=\"text-align: justify;\"><em>Fonte: \u00a0Sert\u00e3o em Pauta<\/em><\/p>\n","protected":false},"excerpt":{"rendered":"<p>A Secretaria Municipal de Sa\u00fade de C\u00edcero Dantas confirmou na manh\u00e3 desta segunda-feira (25), o registro do segundo caso de coronav\u00edrus do munic\u00edpio baiano. O paciente infectado \u00e9 um homem de 46 anos de idade, residente da cidade, mas que se encontra internado na cidade de Salvador.<\/p>\n","protected":false},"author":2,"featured_media":21912,"comment_status":"open","ping_status":"open","sticky":false,"template":"","format":"standard","meta":{"om_disable_all_campaigns":false,"_monsterinsights_skip_tracking":false,"_monsterinsights_sitenote_active":false,"_monsterinsights_sitenote_note":"","_monsterinsights_sitenote_category":0,"footnotes":""},"categories":[4,70,69,32,19],"tags":[156,3429,3486,330,61],"class_list":["post-24545","post","type-post","status-publish","format-standard","has-post-thumbnail","hentry","category-cicero-dantas","category-destaques","category-noticias2","category-regiao","category-saude","tag-cicero-danta","tag-coronavirus","tag-covid-19","tag-salvador","tag-saude"],"aioseo_notices":[],"_links":{"self":[{"href":"https:\/\/www.portalalerta.com.br\/index.php\/wp-json\/wp\/v2\/posts\/24545","targetHints":{"allow":["GET"]}}],"collection":[{"href":"https:\/\/www.portalalerta.com.br\/index.php\/wp-json\/wp\/v2\/posts"}],"about":[{"href":"https:\/\/www.portalalerta.com.br\/index.php\/wp-json\/wp\/v2\/types\/post"}],"author":[{"embeddable":true,"href":"https:\/\/www.portalalerta.com.br\/index.php\/wp-json\/wp\/v2\/users\/2"}],"replies":[{"embeddable":true,"href":"https:\/\/www.portalalerta.com.br\/index.php\/wp-json\/wp\/v2\/comments?post=24545"}],"version-history":[{"count":1,"href":"https:\/\/www.portalalerta.com.br\/index.php\/wp-json\/wp\/v2\/posts\/24545\/revisions"}],"predecessor-version":[{"id":24546,"href":"https:\/\/www.portalalerta.com.br\/index.php\/wp-json\/wp\/v2\/posts\/24545\/revisions\/24546"}],"wp:featuredmedia":[{"embeddable":true,"href":"https:\/\/www.portalalerta.com.br\/index.php\/wp-json\/wp\/v2\/media\/21912"}],"wp:attachment":[{"href":"https:\/\/www.portalalerta.com.br\/index.php\/wp-json\/wp\/v2\/media?parent=24545"}],"wp:term":[{"taxonomy":"category","embeddable":true,"href":"https:\/\/www.portalalerta.com.br\/index.php\/wp-json\/wp\/v2\/categories?post=24545"},{"taxonomy":"post_tag","embeddable":true,"href":"https:\/\/www.portalalerta.com.br\/index.php\/wp-json\/wp\/v2\/tags?post=24545"}],"curies":[{"name":"wp","href":"https:\/\/api.w.org\/{rel}","templated":true}]}}