{"id":24548,"date":"2020-05-25T23:16:45","date_gmt":"2020-05-26T02:16:45","guid":{"rendered":"https:\/\/www.portalalerta.com.br\/?p=24548"},"modified":"2020-09-06T19:08:11","modified_gmt":"2020-09-06T22:08:11","slug":"saiba-como-esta-a-evolucao-do-covid-19-em-itapicuru-ba","status":"publish","type":"post","link":"https:\/\/www.portalalerta.com.br\/index.php\/2020\/05\/25\/saiba-como-esta-a-evolucao-do-covid-19-em-itapicuru-ba\/","title":{"rendered":"Saiba como est\u00e1 a evolu\u00e7\u00e3o do Covid-19 em Itapicuru-BA"},"content":{"rendered":"<p style=\"text-align: justify;\">O munic\u00edpio de Itapicuru-BA, registrou os primeiros casos de Covid-19 (Coronav\u00edrus), no dia 10 de maio de 2020. <a href=\"https:\/\/www.portalalerta.com.br\/index.php\/2020\/05\/10\/secretaria-de-saude-de-itapicuru-confirma-08-casos-de-covid19-no-municipio\/\"><strong>Na ocasi\u00e3o, o munic\u00edpio anunciou oito casos confirmados num \u00fanico dia<\/strong><\/a>.<!--more--><\/p>\n<p style=\"text-align: justify;\">A 12\u00aa semana foi considerada o pior per\u00edodo desde o in\u00edcio da pandemia, com 179 novos casos.<\/p>\n<h2 style=\"text-align: justify;\">Confira os gr\u00e1ficos:<\/h2>\n<figure id=\"attachment_29216\" aria-describedby=\"caption-attachment-29216\" style=\"width: 540px\" class=\"wp-caption aligncenter\"><img fetchpriority=\"high\" decoding=\"async\" class=\"wp-image-29216 size-full\" src=\"https:\/\/www.portalalerta.com.br\/wp-content\/uploads\/2020\/05\/gr\u00e1fico-covid19-em-Itapicuru-2020.6.jpg\" alt=\"\" width=\"540\" height=\"430\" srcset=\"https:\/\/www.portalalerta.com.br\/wp-content\/uploads\/2020\/05\/gr\u00e1fico-covid19-em-Itapicuru-2020.6.jpg 540w, https:\/\/www.portalalerta.com.br\/wp-content\/uploads\/2020\/05\/gr\u00e1fico-covid19-em-Itapicuru-2020.6-301x240.jpg 301w, https:\/\/www.portalalerta.com.br\/wp-content\/uploads\/2020\/05\/gr\u00e1fico-covid19-em-Itapicuru-2020.6-183x146.jpg 183w, https:\/\/www.portalalerta.com.br\/wp-content\/uploads\/2020\/05\/gr\u00e1fico-covid19-em-Itapicuru-2020.6-50x40.jpg 50w, https:\/\/www.portalalerta.com.br\/wp-content\/uploads\/2020\/05\/gr\u00e1fico-covid19-em-Itapicuru-2020.6-94x75.jpg 94w\" sizes=\"(max-width: 540px) 100vw, 540px\" \/><figcaption id=\"caption-attachment-29216\" class=\"wp-caption-text\">Ao todo 688 pessoas foram infectadas em Itapicuru<\/figcaption><\/figure>\n<p>&nbsp;<\/p>\n<figure id=\"attachment_29217\" aria-describedby=\"caption-attachment-29217\" style=\"width: 540px\" class=\"wp-caption aligncenter\"><img decoding=\"async\" class=\"wp-image-29217 size-full\" src=\"https:\/\/www.portalalerta.com.br\/wp-content\/uploads\/2020\/05\/gr\u00e1fico-covid19-em-Itapicuru-2020.7.jpg\" alt=\"\" width=\"540\" height=\"430\" srcset=\"https:\/\/www.portalalerta.com.br\/wp-content\/uploads\/2020\/05\/gr\u00e1fico-covid19-em-Itapicuru-2020.7.jpg 540w, https:\/\/www.portalalerta.com.br\/wp-content\/uploads\/2020\/05\/gr\u00e1fico-covid19-em-Itapicuru-2020.7-301x240.jpg 301w, https:\/\/www.portalalerta.com.br\/wp-content\/uploads\/2020\/05\/gr\u00e1fico-covid19-em-Itapicuru-2020.7-183x146.jpg 183w, https:\/\/www.portalalerta.com.br\/wp-content\/uploads\/2020\/05\/gr\u00e1fico-covid19-em-Itapicuru-2020.7-50x40.jpg 50w, https:\/\/www.portalalerta.com.br\/wp-content\/uploads\/2020\/05\/gr\u00e1fico-covid19-em-Itapicuru-2020.7-94x75.jpg 94w\" sizes=\"(max-width: 540px) 100vw, 540px\" \/><figcaption id=\"caption-attachment-29217\" class=\"wp-caption-text\">644 pessoas foram curadas, e 04 evolu\u00edram a \u00f3bito<\/figcaption><\/figure>\n<h2 style=\"text-align: justify;\">\u00a0Quadro Epidemiol\u00f3gico de Itapicuru:<\/h2>\n<p style=\"text-align: justify;\"><strong>Infectados:<\/strong>\u00a0688<\/p>\n<p style=\"text-align: justify;\"><strong>Em tratamento:<\/strong>\u00a040<\/p>\n<p style=\"text-align: justify;\"><strong>Curados:<\/strong>\u00a0644<\/p>\n<p style=\"text-align: justify;\"><strong>\u00d3bitos:<\/strong>\u00a004<\/p>\n<p style=\"text-align: justify;\"><em>Reda\u00e7\u00e3o: Portal Alerta<\/em><\/p>\n<p style=\"text-align: justify;\"><strong><em>#fiqueemcasa<\/em><\/strong><\/p>\n<p><strong>#usemascaras<\/strong><\/p>\n","protected":false},"excerpt":{"rendered":"<p>O munic\u00edpio de Itapicuru-BA, registrou os primeiros casos de Covid-19 (Coronav\u00edrus), no dia 10 de maio de 2020. Na ocasi\u00e3o, o munic\u00edpio anunciou oito casos confirmados num \u00fanico dia.<\/p>\n","protected":false},"author":2,"featured_media":24551,"comment_status":"open","ping_status":"open","sticky":false,"template":"","format":"standard","meta":{"om_disable_all_campaigns":false,"_monsterinsights_skip_tracking":false,"_monsterinsights_sitenote_active":false,"_monsterinsights_sitenote_note":"","_monsterinsights_sitenote_category":0,"footnotes":""},"categories":[18,69,32,19],"tags":[3429,3486,132,61],"class_list":["post-24548","post","type-post","status-publish","format-standard","has-post-thumbnail","hentry","category-itapicuru","category-noticias2","category-regiao","category-saude","tag-coronavirus","tag-covid-19","tag-itapicuru","tag-saude"],"aioseo_notices":[],"_links":{"self":[{"href":"https:\/\/www.portalalerta.com.br\/index.php\/wp-json\/wp\/v2\/posts\/24548","targetHints":{"allow":["GET"]}}],"collection":[{"href":"https:\/\/www.portalalerta.com.br\/index.php\/wp-json\/wp\/v2\/posts"}],"about":[{"href":"https:\/\/www.portalalerta.com.br\/index.php\/wp-json\/wp\/v2\/types\/post"}],"author":[{"embeddable":true,"href":"https:\/\/www.portalalerta.com.br\/index.php\/wp-json\/wp\/v2\/users\/2"}],"replies":[{"embeddable":true,"href":"https:\/\/www.portalalerta.com.br\/index.php\/wp-json\/wp\/v2\/comments?post=24548"}],"version-history":[{"count":40,"href":"https:\/\/www.portalalerta.com.br\/index.php\/wp-json\/wp\/v2\/posts\/24548\/revisions"}],"predecessor-version":[{"id":29227,"href":"https:\/\/www.portalalerta.com.br\/index.php\/wp-json\/wp\/v2\/posts\/24548\/revisions\/29227"}],"wp:featuredmedia":[{"embeddable":true,"href":"https:\/\/www.portalalerta.com.br\/index.php\/wp-json\/wp\/v2\/media\/24551"}],"wp:attachment":[{"href":"https:\/\/www.portalalerta.com.br\/index.php\/wp-json\/wp\/v2\/media?parent=24548"}],"wp:term":[{"taxonomy":"category","embeddable":true,"href":"https:\/\/www.portalalerta.com.br\/index.php\/wp-json\/wp\/v2\/categories?post=24548"},{"taxonomy":"post_tag","embeddable":true,"href":"https:\/\/www.portalalerta.com.br\/index.php\/wp-json\/wp\/v2\/tags?post=24548"}],"curies":[{"name":"wp","href":"https:\/\/api.w.org\/{rel}","templated":true}]}}