{"id":24555,"date":"2020-05-25T23:36:51","date_gmt":"2020-05-26T02:36:51","guid":{"rendered":"https:\/\/www.portalalerta.com.br\/?p=24555"},"modified":"2020-05-25T23:36:51","modified_gmt":"2020-05-26T02:36:51","slug":"bolsonaro-afirma-que-imprensa-mundial-e-de-esquerda-o-que-atrapalharia-imagem-do-brasil","status":"publish","type":"post","link":"https:\/\/www.portalalerta.com.br\/index.php\/2020\/05\/25\/bolsonaro-afirma-que-imprensa-mundial-e-de-esquerda-o-que-atrapalharia-imagem-do-brasil\/","title":{"rendered":"Bolsonaro afirma que imprensa mundial \u00e9 de esquerda, o que atrapalharia imagem do Brasil"},"content":{"rendered":"<p style=\"text-align: justify;\">Na sa\u00edda do Pal\u00e1cio da Alvorada, na manh\u00e3 desta segunda-feira, 25, o presidente\u00a0Jair Bolsonaro\u00a0justificou a imagem ruim do Brasil no exterior: a imprensa mundial, avalia ele, \u00e9 de \u201cesquerda\u201d.<!--more--><\/p>\n<p style=\"text-align: justify;\">Segundo uma apoiadora, o trabalho da Secretaria de Comunica\u00e7\u00e3o precisa ser refor\u00e7ado, porque o pa\u00eds n\u00e3o tem sido \u201cbem visto no exterior\u201d.<\/p>\n<p style=\"text-align: justify;\">\u201cA imprensa mundial \u00e9 de esquerda\u201d, justifica Bolsonaro. \u201cO Trump sofre muito nos Estados Unidos tamb\u00e9m.\u201d A fala do presidente acontece um dia depois de os Estados Unidos proibirem a entrada de Brasileiros durante a\u00a0crise do novo coronav\u00edrus.<\/p>\n<p style=\"text-align: justify;\"><img fetchpriority=\"high\" decoding=\"async\" class=\"size-thumbnail wp-image-23589 aligncenter\" src=\"https:\/\/www.portalalerta.com.br\/wp-content\/uploads\/2020\/04\/real-acordo-720x93.jpg\" alt=\"\" width=\"720\" height=\"93\" \/>Nesta segunda-feira, o jornal Financial Times publicou um texto criticando o presidente brasileiro. \u201cO populismo de Jair Bolsonaro est\u00e1 levando o Brasil ao desastre\u201d, \u00e9 o t\u00edtulo da publica\u00e7\u00e3o inglesa, conhecida pelo vi\u00e9s liberal.<\/p>\n<p style=\"text-align: justify;\">No texto, o autor afirma que o presidente do Brasil lidou com a crise do coronav\u00edrus de forma parecida com Donald Trump, mas ainda mais irrespons\u00e1vel e perigosa. \u201cOs dois l\u00edderes ficaram obcecados pela suposta cura nas propriedades do rem\u00e9dio contra mal\u00e1ria, a hidroxicloroquina. Mas, enquanto Trump usa s\u00f3 nele mesmo, Bolsonaro for\u00e7ou o minist\u00e9rio da Sa\u00fade do Brasil a mudar as recomenda\u00e7\u00f5es, indicando o rem\u00e9dio para pacientes com coronav\u00edrus\u201d, diz o artigo.<\/p>\n<p style=\"text-align: justify;\">Essa n\u00e3o \u00e9 a primeira vez que Jair Bolsonaro \u00e9 criticando internacionalmente. Na \u00faltima semana, o franc\u00eas Le Monde afirmou que havia \u201calgo podre no reino do Brasil\u201d. A revista The Economist tamb\u00e9m comentou a atua\u00e7\u00e3o do presidente durante a pandemia e disse que Bolsonaro subestimava o v\u00edrus.<\/p>\n<p style=\"text-align: justify;\"><em>Fonte: Yahoo Not\u00edcias<\/em><\/p>\n","protected":false},"excerpt":{"rendered":"<p>Na sa\u00edda do Pal\u00e1cio da Alvorada, na manh\u00e3 desta segunda-feira, 25, o presidente\u00a0Jair Bolsonaro\u00a0justificou a imagem ruim do Brasil no exterior: a imprensa mundial, avalia ele, \u00e9 de \u201cesquerda\u201d.<\/p>\n","protected":false},"author":2,"featured_media":21002,"comment_status":"open","ping_status":"open","sticky":false,"template":"","format":"standard","meta":{"om_disable_all_campaigns":false,"_monsterinsights_skip_tracking":false,"_monsterinsights_sitenote_active":false,"_monsterinsights_sitenote_note":"","_monsterinsights_sitenote_category":0,"footnotes":""},"categories":[34,70,35,69,21],"tags":[93,3342,1395,1152],"class_list":["post-24555","post","type-post","status-publish","format-standard","has-post-thumbnail","hentry","category-brasil","category-destaques","category-mundo","category-noticias2","category-politica","tag-brasil","tag-imprensa","tag-jair-bolsonaro","tag-presidente-da-republica"],"aioseo_notices":[],"_links":{"self":[{"href":"https:\/\/www.portalalerta.com.br\/index.php\/wp-json\/wp\/v2\/posts\/24555","targetHints":{"allow":["GET"]}}],"collection":[{"href":"https:\/\/www.portalalerta.com.br\/index.php\/wp-json\/wp\/v2\/posts"}],"about":[{"href":"https:\/\/www.portalalerta.com.br\/index.php\/wp-json\/wp\/v2\/types\/post"}],"author":[{"embeddable":true,"href":"https:\/\/www.portalalerta.com.br\/index.php\/wp-json\/wp\/v2\/users\/2"}],"replies":[{"embeddable":true,"href":"https:\/\/www.portalalerta.com.br\/index.php\/wp-json\/wp\/v2\/comments?post=24555"}],"version-history":[{"count":1,"href":"https:\/\/www.portalalerta.com.br\/index.php\/wp-json\/wp\/v2\/posts\/24555\/revisions"}],"predecessor-version":[{"id":24556,"href":"https:\/\/www.portalalerta.com.br\/index.php\/wp-json\/wp\/v2\/posts\/24555\/revisions\/24556"}],"wp:featuredmedia":[{"embeddable":true,"href":"https:\/\/www.portalalerta.com.br\/index.php\/wp-json\/wp\/v2\/media\/21002"}],"wp:attachment":[{"href":"https:\/\/www.portalalerta.com.br\/index.php\/wp-json\/wp\/v2\/media?parent=24555"}],"wp:term":[{"taxonomy":"category","embeddable":true,"href":"https:\/\/www.portalalerta.com.br\/index.php\/wp-json\/wp\/v2\/categories?post=24555"},{"taxonomy":"post_tag","embeddable":true,"href":"https:\/\/www.portalalerta.com.br\/index.php\/wp-json\/wp\/v2\/tags?post=24555"}],"curies":[{"name":"wp","href":"https:\/\/api.w.org\/{rel}","templated":true}]}}