{"id":24562,"date":"2020-05-26T01:40:29","date_gmt":"2020-05-26T04:40:29","guid":{"rendered":"https:\/\/www.portalalerta.com.br\/?p=24562"},"modified":"2020-05-26T01:40:29","modified_gmt":"2020-05-26T04:40:29","slug":"cipo-ba-registra-o-primeiro-caso-de-covid-19-e-paciente-divulga-video-polemico","status":"publish","type":"post","link":"https:\/\/www.portalalerta.com.br\/index.php\/2020\/05\/26\/cipo-ba-registra-o-primeiro-caso-de-covid-19-e-paciente-divulga-video-polemico\/","title":{"rendered":"Cip\u00f3-BA registra o primeiro caso de Covid-19, e paciente divulga v\u00eddeo pol\u00eamico"},"content":{"rendered":"<p style=\"text-align: justify;\">Um v\u00eddeo divulgado pelo prefeito de Cip\u00f3-BA, em companhia da Secret\u00e1ria Municipal de Sa\u00fade, Andrea Mac\u00eado, comunicou a confirma\u00e7\u00e3o do primeiro caso de Covid-19 (Coronav\u00edrus) no munic\u00edpio.<!--more--><\/p>\n<p style=\"text-align: justify;\">De acordo com informa\u00e7\u00f5es, o paciente \u00e9 um homem de 38 anos de idade, oriundo do estado de S\u00e3o Paulo. O mesmo se encontra assintom\u00e1tico, n\u00e3o tendo apresentado nenhum sintoma de Covid-19, e no momento se encontra em isolamento domiciliar.<\/p>\n<p style=\"text-align: justify;\">Cip\u00f3 era um dos poucos munic\u00edpios da regi\u00e3o, que at\u00e9 o momento n\u00e3o havia apresentado casos confirmados para a doen\u00e7a. <strong>Confira o v\u00eddeo:<\/strong><\/p>\n<p><iframe title=\"Primeiro Caso de Covid 19 em Cip\u00f3-BA\" width=\"500\" height=\"281\" src=\"https:\/\/www.youtube.com\/embed\/5ct2FXzI6PE?feature=oembed\" frameborder=\"0\" allow=\"accelerometer; autoplay; clipboard-write; encrypted-media; gyroscope; picture-in-picture; web-share\" referrerpolicy=\"strict-origin-when-cross-origin\" allowfullscreen><\/iframe><\/p>\n<h2><\/h2>\n<h2 style=\"text-align: justify;\"><strong>Pol\u00eamica<\/strong><\/h2>\n<p style=\"text-align: justify;\">Tamb\u00e9m nesta segunda-feira, 25, um homem, tamb\u00e9m de 38 anos de idade, divulgou um v\u00eddeo, antes mesmo da divulga\u00e7\u00e3o oficial do munic\u00edpio, afirmando que tinha chegado recentemente do estado de S\u00e3o Paulo, e ao ser submetido a um exame no Posto de Sa\u00fade da cidade obteve resultado reagente para a doen\u00e7a.<\/p>\n<p style=\"text-align: justify;\">Ap\u00f3s o resultado positivo, o rapaz afirmou que foi solicitado pela equipe do Posto de Sa\u00fade, que o mesmo mantivesse o resultado em segredo, e que retornasse a sua resid\u00eancia, onde deveria permanecer em isolamento por um per\u00edodo de 14 dias.<\/p>\n<p style=\"text-align: justify;\"><img fetchpriority=\"high\" decoding=\"async\" class=\"size-thumbnail wp-image-23589 aligncenter\" src=\"https:\/\/www.portalalerta.com.br\/wp-content\/uploads\/2020\/04\/real-acordo-720x93.jpg\" alt=\"\" width=\"720\" height=\"93\" \/>Ao contr\u00e1rio do que foi dito pela secret\u00e1ria, o rapaz afirmou que teve perca do olfato e do paladar, o que seria sintomas da doen\u00e7a, mas que no atual momento j\u00e1 havia recuperado os sentidos.<\/p>\n<p style=\"text-align: justify;\">Ainda no v\u00eddeo o rapaz afirmou que nos \u00faltimos dias realizou atividades normais, relatando que participou de reuni\u00f5es com amigos, onde fez uso de bebida alco\u00f3lica com os mesmos. <strong>Confira o v\u00eddeo:<\/strong><\/p>\n<p><iframe title=\"Paciente com Covid19 afirma que servidores da sa\u00fade pediram segredo sobre a confirma\u00e7\u00e3o da doen\u00e7a em\" width=\"500\" height=\"281\" src=\"https:\/\/www.youtube.com\/embed\/uiObI9-lDUc?feature=oembed\" frameborder=\"0\" allow=\"accelerometer; autoplay; clipboard-write; encrypted-media; gyroscope; picture-in-picture; web-share\" referrerpolicy=\"strict-origin-when-cross-origin\" allowfullscreen><\/iframe><\/p>\n<h2 style=\"text-align: justify;\"><strong>Munic\u00edpio\u00a0<\/strong><\/h2>\n<p style=\"text-align: justify;\">Uma nota atribu\u00edda ao munic\u00edpio, afirma que o conte\u00fado do v\u00eddeo n\u00e3o condiz com o protocolo adotado quanto \u00e0 testagem para a doen\u00e7a. Ainda na ocasi\u00e3o, foi solicitado que a popula\u00e7\u00e3o na divulgue informa\u00e7\u00f5es que n\u00e3o sejam oficiais, j\u00e1 que existem riscos de gera\u00e7\u00e3o de p\u00e2nico e exp\u00f5e as pessoas de forma irrespons\u00e1vel e desnecess\u00e1ria. <strong>Confira a nota:<\/strong><\/p>\n<blockquote>\n<p style=\"text-align: justify;\"><em><strong>A Prefeitura de Cip\u00f3, atrav\u00e9s da Secretaria Municipal de Sa\u00fade, vem a p\u00fablico prestar esclarecimento sobre o conte\u00fado de um v\u00eddeo que est\u00e1 sendo compartilhado em redes sociais acerca de um caso testado como \u201cpositivo\u201d para COVID-19.<\/strong><\/em><\/p>\n<p style=\"text-align: justify;\"><em><strong>O conte\u00fado relata informa\u00e7\u00f5es que n\u00e3o condizem com o protocolo adotado quanto \u00e0 testagem. A equipe de sa\u00fade que realizou o teste, no momento, informou que seria mantido sigilo relativo aos dados pessoais do paciente, procedimento este adotado em todo o pa\u00eds, que tem como objetivo a manuten\u00e7\u00e3o do direito de anonimato e, inclusive, da integridade f\u00edsica de poss\u00edveis portadores, haja vista in\u00fameros casos de agress\u00f5es que tem ocorrido devido a desinforma\u00e7\u00e3o e preconceito.<\/strong><\/em><\/p>\n<p style=\"text-align: justify;\"><em><strong>Diante disto, chamamos a aten\u00e7\u00e3o das pessoas para n\u00e3o divulgarem informa\u00e7\u00f5es com conte\u00fados n\u00e3o oficiais, pois isso gera p\u00e2nico \u00e0 popula\u00e7\u00e3o e exp\u00f5e as pessoas de forma irrespons\u00e1vel e desnecess\u00e1ria.<\/strong><\/em><\/p>\n<p style=\"text-align: justify;\"><em><strong>A Vigil\u00e2ncia Epidemiol\u00f3gica do munic\u00edpio vem mantendo contato com o paciente e seus familiares para poder acompanhar o caso. Segundo declara\u00e7\u00f5es do pr\u00f3prio paciente, pode-se concluir que, supostamente, trata-se de doen\u00e7a pr\u00e9via, ocorrida ainda no estado de S\u00e3o Paulo, tendo decorrido mais de 20 dias dos primeiros sinais e sintomas (s\u00edndrome gripal, com perda de olfato e paladar). Enfatizamos que qualquer pessoa que apresente sintomas compat\u00edveis com o COVID 19, bem como pessoas que tiveram contato com casos confirmados devem seguir as recomenda\u00e7\u00f5es estabelecidas pelo Minist\u00e9rio da Sa\u00fade e ratificados por esta Secretaria.<\/strong><\/em><\/p>\n<p style=\"text-align: justify;\"><em><strong>Ressaltamos a necessidade de isolamento social e comunica\u00e7\u00e3o imediata \u00e0 Secretaria de Sa\u00fade caso qualquer paciente apresente sinais e sintomas compat\u00edveis com a COVID-19. Colocamos -nos \u00e0 disposi\u00e7\u00e3o para maiores esclarecimentos.<\/strong><\/em><\/p>\n<p style=\"text-align: justify;\"><em><strong>Secretaria Municipal de Sa\u00fade<\/strong><\/em><\/p>\n<p style=\"text-align: justify;\"><em><strong>Prefeitura Municipal de Cip\u00f3<\/strong><\/em><\/p>\n<p style=\"text-align: justify;\"><em><strong>25 de maio de 2020<\/strong><\/em><\/p>\n<\/blockquote>\n<p style=\"text-align: justify;\">\n<p style=\"text-align: justify;\"><em>Reda\u00e7\u00e3o: Portal Alerta<\/em><\/p>\n<p style=\"text-align: justify;\"><strong><em>#fiqueemcasa<\/em><\/strong><\/p>\n","protected":false},"excerpt":{"rendered":"<p>Um v\u00eddeo divulgado pelo prefeito de Cip\u00f3-BA, em companhia da Secret\u00e1ria Municipal de Sa\u00fade, Andrea Mac\u00eado, comunicou a confirma\u00e7\u00e3o do primeiro caso de Covid-19 (Coronav\u00edrus) no munic\u00edpio.<\/p>\n","protected":false},"author":2,"featured_media":24563,"comment_status":"open","ping_status":"open","sticky":false,"template":"","format":"standard","meta":{"om_disable_all_campaigns":false,"_monsterinsights_skip_tracking":false,"_monsterinsights_sitenote_active":false,"_monsterinsights_sitenote_note":"","_monsterinsights_sitenote_category":0,"footnotes":""},"categories":[13,70,69,32,19],"tags":[45,3429,3486,198,61,433,29],"class_list":["post-24562","post","type-post","status-publish","format-standard","has-post-thumbnail","hentry","category-cipo","category-destaques","category-noticias2","category-regiao","category-saude","tag-cipo","tag-coronavirus","tag-covid-19","tag-prefeito","tag-saude","tag-secretaria-de-saude","tag-video"],"aioseo_notices":[],"_links":{"self":[{"href":"https:\/\/www.portalalerta.com.br\/index.php\/wp-json\/wp\/v2\/posts\/24562","targetHints":{"allow":["GET"]}}],"collection":[{"href":"https:\/\/www.portalalerta.com.br\/index.php\/wp-json\/wp\/v2\/posts"}],"about":[{"href":"https:\/\/www.portalalerta.com.br\/index.php\/wp-json\/wp\/v2\/types\/post"}],"author":[{"embeddable":true,"href":"https:\/\/www.portalalerta.com.br\/index.php\/wp-json\/wp\/v2\/users\/2"}],"replies":[{"embeddable":true,"href":"https:\/\/www.portalalerta.com.br\/index.php\/wp-json\/wp\/v2\/comments?post=24562"}],"version-history":[{"count":1,"href":"https:\/\/www.portalalerta.com.br\/index.php\/wp-json\/wp\/v2\/posts\/24562\/revisions"}],"predecessor-version":[{"id":24564,"href":"https:\/\/www.portalalerta.com.br\/index.php\/wp-json\/wp\/v2\/posts\/24562\/revisions\/24564"}],"wp:featuredmedia":[{"embeddable":true,"href":"https:\/\/www.portalalerta.com.br\/index.php\/wp-json\/wp\/v2\/media\/24563"}],"wp:attachment":[{"href":"https:\/\/www.portalalerta.com.br\/index.php\/wp-json\/wp\/v2\/media?parent=24562"}],"wp:term":[{"taxonomy":"category","embeddable":true,"href":"https:\/\/www.portalalerta.com.br\/index.php\/wp-json\/wp\/v2\/categories?post=24562"},{"taxonomy":"post_tag","embeddable":true,"href":"https:\/\/www.portalalerta.com.br\/index.php\/wp-json\/wp\/v2\/tags?post=24562"}],"curies":[{"name":"wp","href":"https:\/\/api.w.org\/{rel}","templated":true}]}}