{"id":24567,"date":"2020-05-26T13:28:07","date_gmt":"2020-05-26T16:28:07","guid":{"rendered":"https:\/\/www.portalalerta.com.br\/?p=24567"},"modified":"2020-05-26T13:28:07","modified_gmt":"2020-05-26T16:28:07","slug":"bancada-de-parlamentares-estaduais-do-pt-sai-em-defesa-de-deputada-fatima-nunes-apos-acusacoes-de-marcell-moraes","status":"publish","type":"post","link":"https:\/\/www.portalalerta.com.br\/index.php\/2020\/05\/26\/bancada-de-parlamentares-estaduais-do-pt-sai-em-defesa-de-deputada-fatima-nunes-apos-acusacoes-de-marcell-moraes\/","title":{"rendered":"Bancada de parlamentares estaduais do PT sai em defesa de deputada F\u00e1tima Nunes ap\u00f3s acusa\u00e7\u00f5es de Marcell Moraes"},"content":{"rendered":"<p style=\"text-align: justify;\">A bancada de parlamentares estaduais do PT na Bahia publicou uma nota neste final de semana em que presta apoio \u00e0 deputada F\u00e1tima Nunes, do partido, alvo de acusa\u00e7\u00f5es do tamb\u00e9m deputado estadual Marcell Moraes (PSDB) em live divulgada na noite deste s\u00e1bado.<!--more--><\/p>\n<p style=\"text-align: justify;\">Descontente com o posicionamento de F\u00e1tima Nunes, que saiu em defesa de uma jornalista da R\u00e1dio Sociedade com quem Marcell discutiu recentemente, o deputado acusou a petista de, entre outras coisas, barrar o envio de suas emendas parlamentares \u00e0 cidade de Paripiranga nos \u00faltimos dois anos. \u201cEu sou o deputado estadual que mais deu emenda para Paripiranga e cad\u00ea essas emendas? Foram pra onde?\u201d, reclamou o parlamentar no v\u00eddeo.<\/p>\n<p style=\"text-align: justify;\">Em outro momento do v\u00eddeo, Marcell, sugeriu que F\u00e1tima Nunes desviou recursos enviados pelo governo federal para a recupera\u00e7\u00e3o de um a\u00e7ude em Adustina. \u201cPra onde foi o recurso que a deputada recebeu na \u00e9poca do Dnocs (Departamento Nacional de Obras Contra As Secas) para a reforma do a\u00e7ude da cidade de Adustina? Cad\u00ea, deputada, o recurso? A senhora meteu no bolso?\u201d, questionou o deputado.<\/p>\n<p style=\"text-align: justify;\">Diante dessas acusa\u00e7\u00f5es, a bancada petista na Alba (Assembleia Legislativa da Bahia) afirmou na nota que o deputado \u201cser\u00e1 responsabilizado judicialmente\u201d e mencionou tamb\u00e9m que a deputada F\u00e1tima Nunes merece respeito. \u201cPor sua postura humilde e gentil, e ao mesmo tempo firme e determinada na defesa das pessoas mais pobres de toda a Bahia. Por ser uma mulher guerreira e destemida e um exemplo para ativistas e militantes de direitos humanos de toda a Bahia.\u00a0 Nunca se curvou aos coron\u00e9is que dominaram por d\u00e9cadas a pol\u00edtica de diversas cidades baianas e n\u00e3o se curvar\u00e1 agora a este acusador pequeno, mesquinho e pusil\u00e2nime\u201d.<\/p>\n<p style=\"text-align: justify;\"><strong><img fetchpriority=\"high\" decoding=\"async\" class=\"size-thumbnail wp-image-4869 aligncenter\" src=\"https:\/\/www.portalalerta.com.br\/wp-content\/uploads\/2018\/02\/Auto-Escola-Nobre-720x181.jpg\" alt=\"\" width=\"720\" height=\"181\" srcset=\"https:\/\/www.portalalerta.com.br\/wp-content\/uploads\/2018\/02\/Auto-Escola-Nobre.jpg 720w, https:\/\/www.portalalerta.com.br\/wp-content\/uploads\/2018\/02\/Auto-Escola-Nobre-260x65.jpg 260w, https:\/\/www.portalalerta.com.br\/wp-content\/uploads\/2018\/02\/Auto-Escola-Nobre-50x13.jpg 50w, https:\/\/www.portalalerta.com.br\/wp-content\/uploads\/2018\/02\/Auto-Escola-Nobre-150x38.jpg 150w\" sizes=\"(max-width: 720px) 100vw, 720px\" \/>Confira a nota completa, a seguir:<\/strong><\/p>\n<p style=\"text-align: justify;\">A bancada de deputados estaduais do Partido dos Trabalhadores na Assembleia Legislativa do Estado da Bahia, ap\u00f3s tomar conhecimento da transmiss\u00e3o ao vivo (LIVE) promovida s\u00e1bado, dia 23 de maio, na rede social Instagram do deputado Marcell Moraes, sobre o munic\u00edpio de Paripiranga, vem prestar os seguintes esclarecimentos:<\/p>\n<ol style=\"text-align: justify;\">\n<li>A deputada F\u00e1tima Nunes, atualmente no seu quinto mandato parlamentar, nasceu no munic\u00edpio de Paripiranga, filha de um casal de lavradores e h\u00e1 mais de 40 anos vem defendendo o povo dos sert\u00f5es da Bahia, sendo reconhecida por sua luta para desenvolver a agricultura familiar, promover a inclus\u00e3o social, a defesa da educa\u00e7\u00e3o p\u00fablica e os direitos das mulheres e dos idosos baianos.<\/li>\n<li>Caminhando por toda a Bahia, sempre de cabe\u00e7a erguida, F\u00e1tima articulou junto aos governos do PT, no plano federal e estadual, a instala\u00e7\u00e3o de sistemas de distribui\u00e7\u00e3o de \u00e1gua pot\u00e1vel, cisternas, luz el\u00e9trica e unidades de sa\u00fade para dezenas de milhares de cidad\u00e3s e cidad\u00e3os do interior baiano.<\/li>\n<li>Tamb\u00e9m, com forte atua\u00e7\u00e3o em Salvador e regi\u00e3o metropolitana, ela sempre apoiou diversas associa\u00e7\u00f5es de bairros, organiza\u00e7\u00f5es populares de promo\u00e7\u00e3o e defesa dos direitos das mulheres e movimentos dos sem teto, lutando h\u00e1 d\u00e9cadas pelo direito \u00e0 moradia em condi\u00e7\u00f5es dignas em toda a Bahia.<\/li>\n<li>Por estas raz\u00f5es, causaram espanto as declara\u00e7\u00f5es desrespeitosas e agressivas e as acusa\u00e7\u00f5es irrespons\u00e1veis, falsas e levianas do deputado estadual Marcell Moraes, que mais uma vez tenta se promover criando pol\u00eamicas nos meios de comunica\u00e7\u00e3o.<\/li>\n<li>Ap\u00f3s agredir gratuitamente a vereadora Ana Rita Tavares, o ex-presidente municipal do Partido Verde, o ent\u00e3o vereador Leo Prates, o deputado Eduardo Salles, e mais recentemente a jornalista Silvana Oliveira da R\u00e1dio Sociedade da Bahia, e at\u00e9 mesmo o seu primo e assessor Lucas Carvalho, que alega ter sido torturado a mando de Marcell Moraes, agora o deputado escolhe F\u00e1tima Nunes como alvo.<\/li>\n<li>O deputado ser\u00e1 responsabilizado judicialmente pelas suas acusa\u00e7\u00f5es. Nestes tempos sombrios repletos de inverdades e fake news, em que o pr\u00f3prio Presidente da Rep\u00fablica espalha mentiras, agress\u00f5es e palavr\u00f5es, at\u00e9 mesmo em uma reuni\u00e3o ministerial, a postura de Marcell Moraes, embora n\u00e3o surpreenda pelo seu hist\u00f3rico espetaculoso, n\u00e3o escapar\u00e1 da apura\u00e7\u00e3o devida e a puni\u00e7\u00e3o correspondente pelo Poder Judici\u00e1rio.<\/li>\n<li>Neste momento de profunda crise sanit\u00e1ria, pandemia planet\u00e1ria e crise econ\u00f4mica, em que advers\u00e1rios pol\u00edticos hist\u00f3ricos como o governador Rui Costa e o prefeito ACM Neto unem esfor\u00e7os na defesa da popula\u00e7\u00e3o, infelizmente existe um parlamentar que cria este tipo de factoide ardiloso para obter m\u00eddia e promo\u00e7\u00e3o pessoal e pol\u00edtica.<\/li>\n<li>F\u00e1tima Nunes merece respeito. Por sua postura humilde e gentil, e ao mesmo tempo firme e determinada na defesa das pessoas mais pobres de toda a Bahia. Por ser uma mulher guerreira e destemida e um exemplo para ativistas e militantes de direitos humanos de toda a Bahia. Nunca se curvou aos coron\u00e9is que dominaram por d\u00e9cadas a pol\u00edtica de diversas cidades baianas e n\u00e3o se curvar\u00e1 agora a este acusador pequeno, mesquinho e pusil\u00e2nime, que deveria trabalhar para melhorar a vida do povo baiano nesta fase de tantas dificuldades, ao inv\u00e9s de atacar covardemente uma senhora cuja hist\u00f3ria de vida honra o povo da Bahia.<\/li>\n<li>A bancada de deputados estaduais do Partido dos Trabalhadores manifesta o seu irrestrito apoio \u00e0 deputada F\u00e1tima Nunes. Em defesa de sua honra e de sua hist\u00f3ria de luta, seguiremos firmes na defesa de uma sociedade em que prevale\u00e7a a verdade e a justi\u00e7a.<\/li>\n<\/ol>\n<p style=\"text-align: justify;\"><em>Bancada do PT na Alba.<\/em><\/p>\n<p style=\"text-align: justify;\"><em><strong>Fonte: Sert\u00e3o em Pauta\u00a0<\/strong><\/em><\/p>\n","protected":false},"excerpt":{"rendered":"<p>A bancada de parlamentares estaduais do PT na Bahia publicou uma nota neste final de semana em que presta apoio \u00e0 deputada F\u00e1tima Nunes, do partido, alvo de acusa\u00e7\u00f5es do tamb\u00e9m deputado estadual Marcell Moraes (PSDB) em live divulgada na noite deste s\u00e1bado.<\/p>\n","protected":false},"author":2,"featured_media":24568,"comment_status":"open","ping_status":"open","sticky":false,"template":"","format":"standard","meta":{"om_disable_all_campaigns":false,"_monsterinsights_skip_tracking":false,"_monsterinsights_sitenote_active":false,"_monsterinsights_sitenote_note":"","_monsterinsights_sitenote_category":0,"footnotes":""},"categories":[33,70,69,21],"tags":[478,54,3601,3154,2163,304],"class_list":["post-24567","post","type-post","status-publish","format-standard","has-post-thumbnail","hentry","category-bahia","category-destaques","category-noticias2","category-politica","tag-alba","tag-bahia","tag-deputada-estadual","tag-fatima-nunes","tag-marcell-moraes","tag-pt"],"aioseo_notices":[],"_links":{"self":[{"href":"https:\/\/www.portalalerta.com.br\/index.php\/wp-json\/wp\/v2\/posts\/24567","targetHints":{"allow":["GET"]}}],"collection":[{"href":"https:\/\/www.portalalerta.com.br\/index.php\/wp-json\/wp\/v2\/posts"}],"about":[{"href":"https:\/\/www.portalalerta.com.br\/index.php\/wp-json\/wp\/v2\/types\/post"}],"author":[{"embeddable":true,"href":"https:\/\/www.portalalerta.com.br\/index.php\/wp-json\/wp\/v2\/users\/2"}],"replies":[{"embeddable":true,"href":"https:\/\/www.portalalerta.com.br\/index.php\/wp-json\/wp\/v2\/comments?post=24567"}],"version-history":[{"count":1,"href":"https:\/\/www.portalalerta.com.br\/index.php\/wp-json\/wp\/v2\/posts\/24567\/revisions"}],"predecessor-version":[{"id":24569,"href":"https:\/\/www.portalalerta.com.br\/index.php\/wp-json\/wp\/v2\/posts\/24567\/revisions\/24569"}],"wp:featuredmedia":[{"embeddable":true,"href":"https:\/\/www.portalalerta.com.br\/index.php\/wp-json\/wp\/v2\/media\/24568"}],"wp:attachment":[{"href":"https:\/\/www.portalalerta.com.br\/index.php\/wp-json\/wp\/v2\/media?parent=24567"}],"wp:term":[{"taxonomy":"category","embeddable":true,"href":"https:\/\/www.portalalerta.com.br\/index.php\/wp-json\/wp\/v2\/categories?post=24567"},{"taxonomy":"post_tag","embeddable":true,"href":"https:\/\/www.portalalerta.com.br\/index.php\/wp-json\/wp\/v2\/tags?post=24567"}],"curies":[{"name":"wp","href":"https:\/\/api.w.org\/{rel}","templated":true}]}}