{"id":24570,"date":"2020-05-26T13:36:28","date_gmt":"2020-05-26T16:36:28","guid":{"rendered":"https:\/\/www.portalalerta.com.br\/?p=24570"},"modified":"2020-05-26T13:36:28","modified_gmt":"2020-05-26T16:36:28","slug":"agencias-dos-correios-pagarao-auxilio-emergencial-a-partir-de-junho","status":"publish","type":"post","link":"https:\/\/www.portalalerta.com.br\/index.php\/2020\/05\/26\/agencias-dos-correios-pagarao-auxilio-emergencial-a-partir-de-junho\/","title":{"rendered":"Ag\u00eancias dos Correios pagar\u00e3o aux\u00edlio emergencial a partir de junho"},"content":{"rendered":"<p style=\"text-align: justify;\">Ag\u00eancias dos Correios pagar\u00e3o aux\u00edlio emergencial a partir de junho.\u00a0A partir do m\u00eas de junho, al\u00e9m das ag\u00eancias da Caixa Econ\u00f4mica Federal, as dos Correios ser\u00e3o op\u00e7\u00f5es para que a popula\u00e7\u00e3o possa receber o aux\u00edlio emergencial pago pelo governo federal, por causa da pandemia do novo coronav\u00edrus.<!--more--><\/p>\n<p style=\"text-align: justify;\"><img fetchpriority=\"high\" decoding=\"async\" class=\"size-thumbnail wp-image-23589 aligncenter\" src=\"https:\/\/www.portalalerta.com.br\/wp-content\/uploads\/2020\/04\/real-acordo-720x93.jpg\" alt=\"\" width=\"720\" height=\"93\" \/>Em nota oficial, os Correios informaram que o in\u00edcio do pagamento aos trabalhadores informais, microempreendedores individuais, m\u00e3es solteiras, aut\u00f4nomos e desempregados acontece em\u00a0junho nas ag\u00eancias postais, mas n\u00e3o confirmaram uma data espec\u00edfica.<\/p>\n<p style=\"text-align: justify;\">\u201cAs ag\u00eancias est\u00e3o, nesse momento, em processo de adapta\u00e7\u00e3o dos sistemas para realiza\u00e7\u00e3o do servi\u00e7o\u201d, diz o comunicado. \u201cA data de in\u00edcio do atendimento, as formas de acesso da popula\u00e7\u00e3o e demais procedimentos ser\u00e3o amplamente divulgados pelos canais oficiais da empresa\u201d, acrescentou.<\/p>\n<p style=\"text-align: justify;\"><em>Fonte: Tribuna Sisaleira<\/em><\/p>\n","protected":false},"excerpt":{"rendered":"<p>Ag\u00eancias dos Correios pagar\u00e3o aux\u00edlio emergencial a partir de junho.\u00a0A partir do m\u00eas de junho, al\u00e9m das ag\u00eancias da Caixa Econ\u00f4mica Federal, as dos Correios ser\u00e3o op\u00e7\u00f5es para que a popula\u00e7\u00e3o possa receber o aux\u00edlio emergencial pago pelo governo federal, por causa da pandemia do novo coronav\u00edrus.<\/p>\n","protected":false},"author":2,"featured_media":24571,"comment_status":"open","ping_status":"open","sticky":false,"template":"","format":"standard","meta":{"om_disable_all_campaigns":false,"_monsterinsights_skip_tracking":false,"_monsterinsights_sitenote_active":false,"_monsterinsights_sitenote_note":"","_monsterinsights_sitenote_category":0,"footnotes":""},"categories":[34,70,69],"tags":[3591,93,1035],"class_list":["post-24570","post","type-post","status-publish","format-standard","has-post-thumbnail","hentry","category-brasil","category-destaques","category-noticias2","tag-auxilio-emergencial","tag-brasil","tag-correios"],"aioseo_notices":[],"_links":{"self":[{"href":"https:\/\/www.portalalerta.com.br\/index.php\/wp-json\/wp\/v2\/posts\/24570","targetHints":{"allow":["GET"]}}],"collection":[{"href":"https:\/\/www.portalalerta.com.br\/index.php\/wp-json\/wp\/v2\/posts"}],"about":[{"href":"https:\/\/www.portalalerta.com.br\/index.php\/wp-json\/wp\/v2\/types\/post"}],"author":[{"embeddable":true,"href":"https:\/\/www.portalalerta.com.br\/index.php\/wp-json\/wp\/v2\/users\/2"}],"replies":[{"embeddable":true,"href":"https:\/\/www.portalalerta.com.br\/index.php\/wp-json\/wp\/v2\/comments?post=24570"}],"version-history":[{"count":1,"href":"https:\/\/www.portalalerta.com.br\/index.php\/wp-json\/wp\/v2\/posts\/24570\/revisions"}],"predecessor-version":[{"id":24572,"href":"https:\/\/www.portalalerta.com.br\/index.php\/wp-json\/wp\/v2\/posts\/24570\/revisions\/24572"}],"wp:featuredmedia":[{"embeddable":true,"href":"https:\/\/www.portalalerta.com.br\/index.php\/wp-json\/wp\/v2\/media\/24571"}],"wp:attachment":[{"href":"https:\/\/www.portalalerta.com.br\/index.php\/wp-json\/wp\/v2\/media?parent=24570"}],"wp:term":[{"taxonomy":"category","embeddable":true,"href":"https:\/\/www.portalalerta.com.br\/index.php\/wp-json\/wp\/v2\/categories?post=24570"},{"taxonomy":"post_tag","embeddable":true,"href":"https:\/\/www.portalalerta.com.br\/index.php\/wp-json\/wp\/v2\/tags?post=24570"}],"curies":[{"name":"wp","href":"https:\/\/api.w.org\/{rel}","templated":true}]}}