{"id":24573,"date":"2020-05-26T13:41:48","date_gmt":"2020-05-26T16:41:48","guid":{"rendered":"https:\/\/www.portalalerta.com.br\/?p=24573"},"modified":"2020-05-26T14:43:24","modified_gmt":"2020-05-26T17:43:24","slug":"policia-recupera-objetos-furtados-no-forum-de-olindina-ba","status":"publish","type":"post","link":"https:\/\/www.portalalerta.com.br\/index.php\/2020\/05\/26\/policia-recupera-objetos-furtados-no-forum-de-olindina-ba\/","title":{"rendered":"Pol\u00edcia recupera objetos furtados no f\u00f3rum de Olindina-BA"},"content":{"rendered":"<p style=\"text-align: justify;\">Investigadores da 2\u00aa Coordenadoria Regional de Pol\u00edcia do Interior (Coorpin\/Alagoinhas) recuperaram, na \u00faltima sexta-feira (22), v\u00e1rios objetos furtados do f\u00f3rum de Olindina-BA. Duas pessoas foram presas na a\u00e7\u00e3o.<!--more--><\/p>\n<p style=\"text-align: justify;\"><img fetchpriority=\"high\" decoding=\"async\" class=\"size-thumbnail wp-image-9394 alignleft\" src=\"https:\/\/www.portalalerta.com.br\/wp-content\/uploads\/2018\/07\/05elab-320x240.jpg\" alt=\"\" width=\"320\" height=\"240\" srcset=\"https:\/\/www.portalalerta.com.br\/wp-content\/uploads\/2018\/07\/05elab-320x240.jpg 320w, https:\/\/www.portalalerta.com.br\/wp-content\/uploads\/2018\/07\/05elab-195x146.jpg 195w, https:\/\/www.portalalerta.com.br\/wp-content\/uploads\/2018\/07\/05elab-50x38.jpg 50w, https:\/\/www.portalalerta.com.br\/wp-content\/uploads\/2018\/07\/05elab-100x75.jpg 100w, https:\/\/www.portalalerta.com.br\/wp-content\/uploads\/2018\/07\/05elab.jpg 400w\" sizes=\"(max-width: 320px) 100vw, 320px\" \/>Na casa de um dos suspeitos, onde os policiais cumpriram um mandado de pris\u00e3o tempor\u00e1ria, foi localizado um aparelho celular furtado no f\u00f3rum de Olindina. Em seguida, a equipe esteve resid\u00eancia da mulher que teria repassado o aparelho.<\/p>\n<p style=\"text-align: justify;\">No local foram apreendidos: outro aparelho celular, um arco de serra com cinco l\u00e2minas, seis rel\u00f3gios, uma lanterna, roupas e duas televis\u00f5es. A mulher foi presa em flagrante.<\/p>\n<p style=\"text-align: justify;\">A dupla est\u00e1 \u00e0 disposi\u00e7\u00e3o do Poder Judici\u00e1rio. Outros envolvidos nos crimes j\u00e1 foram identificados e as investiga\u00e7\u00f5es continuam para localizar os suspeitos.<\/p>\n<p style=\"text-align: justify;\"><em>Fonte: Cleriston Silva<\/em><\/p>\n","protected":false},"excerpt":{"rendered":"<p>Investigadores da 2\u00aa Coordenadoria Regional de Pol\u00edcia do Interior (Coorpin\/Alagoinhas) recuperaram, na \u00faltima sexta-feira (22), v\u00e1rios objetos furtados do f\u00f3rum de Olindina-BA. Duas pessoas foram presas na a\u00e7\u00e3o.<\/p>\n","protected":false},"author":2,"featured_media":24574,"comment_status":"open","ping_status":"open","sticky":false,"template":"","format":"standard","meta":{"om_disable_all_campaigns":false,"_monsterinsights_skip_tracking":false,"_monsterinsights_sitenote_active":false,"_monsterinsights_sitenote_note":"","_monsterinsights_sitenote_category":0,"footnotes":""},"categories":[33,70,69,15,32,22],"tags":[177,54,3217,85,1458,120,122,110],"class_list":["post-24573","post","type-post","status-publish","format-standard","has-post-thumbnail","hentry","category-bahia","category-destaques","category-noticias2","category-olindina","category-regiao","category-seguranca","tag-alagoinhas","tag-bahia","tag-forum","tag-furto","tag-material-recuperado","tag-olindina","tag-policia-civil","tag-presos"],"aioseo_notices":[],"_links":{"self":[{"href":"https:\/\/www.portalalerta.com.br\/index.php\/wp-json\/wp\/v2\/posts\/24573","targetHints":{"allow":["GET"]}}],"collection":[{"href":"https:\/\/www.portalalerta.com.br\/index.php\/wp-json\/wp\/v2\/posts"}],"about":[{"href":"https:\/\/www.portalalerta.com.br\/index.php\/wp-json\/wp\/v2\/types\/post"}],"author":[{"embeddable":true,"href":"https:\/\/www.portalalerta.com.br\/index.php\/wp-json\/wp\/v2\/users\/2"}],"replies":[{"embeddable":true,"href":"https:\/\/www.portalalerta.com.br\/index.php\/wp-json\/wp\/v2\/comments?post=24573"}],"version-history":[{"count":2,"href":"https:\/\/www.portalalerta.com.br\/index.php\/wp-json\/wp\/v2\/posts\/24573\/revisions"}],"predecessor-version":[{"id":24576,"href":"https:\/\/www.portalalerta.com.br\/index.php\/wp-json\/wp\/v2\/posts\/24573\/revisions\/24576"}],"wp:featuredmedia":[{"embeddable":true,"href":"https:\/\/www.portalalerta.com.br\/index.php\/wp-json\/wp\/v2\/media\/24574"}],"wp:attachment":[{"href":"https:\/\/www.portalalerta.com.br\/index.php\/wp-json\/wp\/v2\/media?parent=24573"}],"wp:term":[{"taxonomy":"category","embeddable":true,"href":"https:\/\/www.portalalerta.com.br\/index.php\/wp-json\/wp\/v2\/categories?post=24573"},{"taxonomy":"post_tag","embeddable":true,"href":"https:\/\/www.portalalerta.com.br\/index.php\/wp-json\/wp\/v2\/tags?post=24573"}],"curies":[{"name":"wp","href":"https:\/\/api.w.org\/{rel}","templated":true}]}}