{"id":24577,"date":"2020-05-26T15:40:42","date_gmt":"2020-05-26T18:40:42","guid":{"rendered":"https:\/\/www.portalalerta.com.br\/?p=24577"},"modified":"2021-03-14T00:12:48","modified_gmt":"2021-03-14T03:12:48","slug":"saiba-como-esta-a-evolucao-do-covid-19-em-ribeira-do-pombal-ba","status":"publish","type":"post","link":"https:\/\/www.portalalerta.com.br\/index.php\/2020\/05\/26\/saiba-como-esta-a-evolucao-do-covid-19-em-ribeira-do-pombal-ba\/","title":{"rendered":"Saiba como est\u00e1 a evolu\u00e7\u00e3o do Covid-19 em Ribeira do Pombal-BA"},"content":{"rendered":"<p style=\"text-align: justify;\">O munic\u00edpio de Ribeira do Pombal-BA, registrou os primeiros casos de Covid-19 (Coronav\u00edrus), no dia 19 de abril de 2020. Na ocasi\u00e3o, a paciente foi identificada <a href=\"https:\/\/www.portalalerta.com.br\/index.php\/2020\/04\/19\/ribeira-do-pombal-ba-registra-o-primeiro-caso-de-covid-19\/\"><strong>como uma mulher de 52 anos de idade, oriunda o estado de S\u00e3o Paulo<\/strong><\/a>.<!--more--><\/p>\n<p style=\"text-align: justify;\">Com a chegada de imigrantes de regi\u00f5es consideradas de alto \u00edndice de cont\u00e1gio, bem como a inclus\u00e3o de resultados de testes r\u00e1pidos nos Boletins, o munic\u00edpio apresentou um acr\u00e9scimo consider\u00e1vel na confirma\u00e7\u00e3o dos casos.<\/p>\n<p style=\"text-align: justify;\">A 47\u00aa semana j\u00e1 \u00e9 considerada o pior per\u00edodo desde o in\u00edcio da pandemia, com 102 casos novos, e\u00a0 uma morte.<\/p>\n<h2 style=\"text-align: justify;\">Confira os gr\u00e1ficos:<\/h2>\n<figure id=\"attachment_33634\" aria-describedby=\"caption-attachment-33634\" style=\"width: 540px\" class=\"wp-caption aligncenter\"><img fetchpriority=\"high\" decoding=\"async\" class=\"wp-image-33634 size-full\" src=\"https:\/\/www.portalalerta.com.br\/wp-content\/uploads\/2020\/05\/grafico-covid19-em-Ribeira-do-Pombal-2021.6.jpg\" alt=\"\" width=\"540\" height=\"430\" srcset=\"https:\/\/www.portalalerta.com.br\/wp-content\/uploads\/2020\/05\/grafico-covid19-em-Ribeira-do-Pombal-2021.6.jpg 540w, https:\/\/www.portalalerta.com.br\/wp-content\/uploads\/2020\/05\/grafico-covid19-em-Ribeira-do-Pombal-2021.6-301x240.jpg 301w, https:\/\/www.portalalerta.com.br\/wp-content\/uploads\/2020\/05\/grafico-covid19-em-Ribeira-do-Pombal-2021.6-183x146.jpg 183w, https:\/\/www.portalalerta.com.br\/wp-content\/uploads\/2020\/05\/grafico-covid19-em-Ribeira-do-Pombal-2021.6-50x40.jpg 50w, https:\/\/www.portalalerta.com.br\/wp-content\/uploads\/2020\/05\/grafico-covid19-em-Ribeira-do-Pombal-2021.6-94x75.jpg 94w\" sizes=\"(max-width: 540px) 100vw, 540px\" \/><figcaption id=\"caption-attachment-33634\" class=\"wp-caption-text\">Ao todo foram registrados 1.953 casos no munic\u00edpio<\/figcaption><\/figure>\n<figure id=\"attachment_33635\" aria-describedby=\"caption-attachment-33635\" style=\"width: 540px\" class=\"wp-caption aligncenter\"><img decoding=\"async\" class=\"wp-image-33635 size-full\" src=\"https:\/\/www.portalalerta.com.br\/wp-content\/uploads\/2020\/05\/grafico-covid19-em-Ribeira-do-Pombal-2021.7.jpg\" alt=\"\" width=\"540\" height=\"430\" srcset=\"https:\/\/www.portalalerta.com.br\/wp-content\/uploads\/2020\/05\/grafico-covid19-em-Ribeira-do-Pombal-2021.7.jpg 540w, https:\/\/www.portalalerta.com.br\/wp-content\/uploads\/2020\/05\/grafico-covid19-em-Ribeira-do-Pombal-2021.7-301x240.jpg 301w, https:\/\/www.portalalerta.com.br\/wp-content\/uploads\/2020\/05\/grafico-covid19-em-Ribeira-do-Pombal-2021.7-183x146.jpg 183w, https:\/\/www.portalalerta.com.br\/wp-content\/uploads\/2020\/05\/grafico-covid19-em-Ribeira-do-Pombal-2021.7-50x40.jpg 50w, https:\/\/www.portalalerta.com.br\/wp-content\/uploads\/2020\/05\/grafico-covid19-em-Ribeira-do-Pombal-2021.7-94x75.jpg 94w\" sizes=\"(max-width: 540px) 100vw, 540px\" \/><figcaption id=\"caption-attachment-33635\" class=\"wp-caption-text\">1.853 foram curadas, e 36 morreram<\/figcaption><\/figure>\n<h2 style=\"text-align: left;\"><span style=\"text-align: justify; font-size: 16px;\"><br \/>\nQuadro Epidemiol\u00f3gico de Ribeira do Pombal:<\/span><\/h2>\n<p style=\"text-align: justify;\"><strong>Infectados:<\/strong> 1.953<\/p>\n<p style=\"text-align: justify;\"><strong>Em tratamento:<\/strong> 64<\/p>\n<p style=\"text-align: justify;\"><strong>Curados:<\/strong> 1.853<\/p>\n<p style=\"text-align: justify;\"><strong>\u00d3bitos:<\/strong> 36<\/p>\n<p style=\"text-align: justify;\"><em>Reda\u00e7\u00e3o: Portal Alerta<\/em><\/p>\n<p style=\"text-align: justify;\"><strong><em>#fiqueemcasa<\/em><\/strong><\/p>\n<p><em><strong>#usemascaras<\/strong><\/em><\/p>\n","protected":false},"excerpt":{"rendered":"<p>O munic\u00edpio de Ribeira do Pombal-BA, registrou os primeiros casos de Covid-19 (Coronav\u00edrus), no dia 19 de abril de 2020. Na ocasi\u00e3o, a paciente foi identificada como uma mulher de 52 anos de idade, oriunda o estado de S\u00e3o Paulo.<\/p>\n","protected":false},"author":2,"featured_media":3952,"comment_status":"open","ping_status":"open","sticky":false,"template":"","format":"standard","meta":{"om_disable_all_campaigns":false,"_monsterinsights_skip_tracking":false,"_monsterinsights_sitenote_active":false,"_monsterinsights_sitenote_note":"","_monsterinsights_sitenote_category":0,"footnotes":""},"categories":[2,69,32,3,19],"tags":[3429,3486,47,61],"class_list":["post-24577","post","type-post","status-publish","format-standard","has-post-thumbnail","hentry","category-esportes","category-noticias2","category-regiao","category-ribeira-do-pombal","category-saude","tag-coronavirus","tag-covid-19","tag-ribeira-do-pombal","tag-saude"],"aioseo_notices":[],"_links":{"self":[{"href":"https:\/\/www.portalalerta.com.br\/index.php\/wp-json\/wp\/v2\/posts\/24577","targetHints":{"allow":["GET"]}}],"collection":[{"href":"https:\/\/www.portalalerta.com.br\/index.php\/wp-json\/wp\/v2\/posts"}],"about":[{"href":"https:\/\/www.portalalerta.com.br\/index.php\/wp-json\/wp\/v2\/types\/post"}],"author":[{"embeddable":true,"href":"https:\/\/www.portalalerta.com.br\/index.php\/wp-json\/wp\/v2\/users\/2"}],"replies":[{"embeddable":true,"href":"https:\/\/www.portalalerta.com.br\/index.php\/wp-json\/wp\/v2\/comments?post=24577"}],"version-history":[{"count":105,"href":"https:\/\/www.portalalerta.com.br\/index.php\/wp-json\/wp\/v2\/posts\/24577\/revisions"}],"predecessor-version":[{"id":33636,"href":"https:\/\/www.portalalerta.com.br\/index.php\/wp-json\/wp\/v2\/posts\/24577\/revisions\/33636"}],"wp:featuredmedia":[{"embeddable":true,"href":"https:\/\/www.portalalerta.com.br\/index.php\/wp-json\/wp\/v2\/media\/3952"}],"wp:attachment":[{"href":"https:\/\/www.portalalerta.com.br\/index.php\/wp-json\/wp\/v2\/media?parent=24577"}],"wp:term":[{"taxonomy":"category","embeddable":true,"href":"https:\/\/www.portalalerta.com.br\/index.php\/wp-json\/wp\/v2\/categories?post=24577"},{"taxonomy":"post_tag","embeddable":true,"href":"https:\/\/www.portalalerta.com.br\/index.php\/wp-json\/wp\/v2\/tags?post=24577"}],"curies":[{"name":"wp","href":"https:\/\/api.w.org\/{rel}","templated":true}]}}