{"id":24588,"date":"2020-05-26T19:47:55","date_gmt":"2020-05-26T22:47:55","guid":{"rendered":"https:\/\/www.portalalerta.com.br\/?p=24588"},"modified":"2020-09-06T14:30:30","modified_gmt":"2020-09-06T17:30:30","slug":"saiba-como-esta-a-evolucao-do-covid-19-em-araci-ba","status":"publish","type":"post","link":"https:\/\/www.portalalerta.com.br\/index.php\/2020\/05\/26\/saiba-como-esta-a-evolucao-do-covid-19-em-araci-ba\/","title":{"rendered":"Saiba como est\u00e1 a evolu\u00e7\u00e3o do Covid-19 em Araci-BA"},"content":{"rendered":"<p style=\"text-align: justify;\">O munic\u00edpio de Araci-BA, registrou o primeiro caso de Covid-19 (Coronav\u00edrus), no dia 08 de abril de 2020. Na ocasi\u00e3o, <a href=\"https:\/\/www.portalalerta.com.br\/index.php\/2020\/04\/08\/araci-ba-confirma-primeiro-caso-de-coronavirus-trata-se-de-um-obito-registrado-na-segunda-feira-06\/\"><strong>o paciente foi identificado como um idoso que morreu dois dias antes da confirma\u00e7\u00e3o da doen\u00e7<\/strong><\/a>a.<!--more--><\/p>\n<p style=\"text-align: justify;\">A 16\u00aa semana foi considerada o pior per\u00edodo desde o in\u00edcio da pandemia, com 111 novos casos. O munic\u00edpio j\u00e1 se encontra com 10 \u00f3bitos.<\/p>\n<h2 style=\"text-align: justify;\">Confira os gr\u00e1ficos:<\/h2>\n<figure id=\"attachment_29185\" aria-describedby=\"caption-attachment-29185\" style=\"width: 540px\" class=\"wp-caption aligncenter\"><img fetchpriority=\"high\" decoding=\"async\" class=\"wp-image-29185 size-full\" src=\"https:\/\/www.portalalerta.com.br\/wp-content\/uploads\/2020\/05\/gr\u00e1fico-covid19-em-Araci-2020.6.jpg\" alt=\"\" width=\"540\" height=\"430\" srcset=\"https:\/\/www.portalalerta.com.br\/wp-content\/uploads\/2020\/05\/gr\u00e1fico-covid19-em-Araci-2020.6.jpg 540w, https:\/\/www.portalalerta.com.br\/wp-content\/uploads\/2020\/05\/gr\u00e1fico-covid19-em-Araci-2020.6-301x240.jpg 301w, https:\/\/www.portalalerta.com.br\/wp-content\/uploads\/2020\/05\/gr\u00e1fico-covid19-em-Araci-2020.6-183x146.jpg 183w, https:\/\/www.portalalerta.com.br\/wp-content\/uploads\/2020\/05\/gr\u00e1fico-covid19-em-Araci-2020.6-50x40.jpg 50w, https:\/\/www.portalalerta.com.br\/wp-content\/uploads\/2020\/05\/gr\u00e1fico-covid19-em-Araci-2020.6-94x75.jpg 94w\" sizes=\"(max-width: 540px) 100vw, 540px\" \/><figcaption id=\"caption-attachment-29185\" class=\"wp-caption-text\">Ao todo 1008 pessoas foram infectadas em Araci<\/figcaption><\/figure>\n<p>&nbsp;<\/p>\n<figure id=\"attachment_29186\" aria-describedby=\"caption-attachment-29186\" style=\"width: 540px\" class=\"wp-caption aligncenter\"><img decoding=\"async\" class=\"wp-image-29186 size-full\" src=\"https:\/\/www.portalalerta.com.br\/wp-content\/uploads\/2020\/05\/gr\u00e1fico-covid19-em-Araci-2020.7.jpg\" alt=\"\" width=\"540\" height=\"430\" srcset=\"https:\/\/www.portalalerta.com.br\/wp-content\/uploads\/2020\/05\/gr\u00e1fico-covid19-em-Araci-2020.7.jpg 540w, https:\/\/www.portalalerta.com.br\/wp-content\/uploads\/2020\/05\/gr\u00e1fico-covid19-em-Araci-2020.7-301x240.jpg 301w, https:\/\/www.portalalerta.com.br\/wp-content\/uploads\/2020\/05\/gr\u00e1fico-covid19-em-Araci-2020.7-183x146.jpg 183w, https:\/\/www.portalalerta.com.br\/wp-content\/uploads\/2020\/05\/gr\u00e1fico-covid19-em-Araci-2020.7-50x40.jpg 50w, https:\/\/www.portalalerta.com.br\/wp-content\/uploads\/2020\/05\/gr\u00e1fico-covid19-em-Araci-2020.7-94x75.jpg 94w\" sizes=\"(max-width: 540px) 100vw, 540px\" \/><figcaption id=\"caption-attachment-29186\" class=\"wp-caption-text\">857 pessoas foram curadas, e 13 evolu\u00edram a \u00f3bito<\/figcaption><\/figure>\n<h2><\/h2>\n<h2>Quadro Epidemiol\u00f3gico de Araci:<\/h2>\n<p style=\"text-align: justify;\"><strong>Infectados:<\/strong>\u00a01008<\/p>\n<p style=\"text-align: justify;\"><strong>Em tratamento:<\/strong>\u00a0138<\/p>\n<p style=\"text-align: justify;\"><strong>Curados:<\/strong>\u00a0857<\/p>\n<p style=\"text-align: justify;\"><strong>\u00d3bitos:<\/strong>\u00a013<\/p>\n<p style=\"text-align: justify;\"><em>Reda\u00e7\u00e3o: Portal Alerta<\/em><\/p>\n<p style=\"text-align: justify;\"><strong><em>#fiqueemcasa<\/em><\/strong><\/p>\n<p><strong>#usemascaras<\/strong><\/p>\n","protected":false},"excerpt":{"rendered":"<p>O munic\u00edpio de Araci-BA, registrou o primeiro caso de Covid-19 (Coronav\u00edrus), no dia 08 de abril de 2020. Na ocasi\u00e3o, o paciente foi identificado como um idoso que morreu dois dias antes da confirma\u00e7\u00e3o da doen\u00e7a.<\/p>\n","protected":false},"author":2,"featured_media":7867,"comment_status":"open","ping_status":"open","sticky":false,"template":"","format":"standard","meta":{"om_disable_all_campaigns":false,"_monsterinsights_skip_tracking":false,"_monsterinsights_sitenote_active":false,"_monsterinsights_sitenote_note":"","_monsterinsights_sitenote_category":0,"footnotes":""},"categories":[41,69,32,19],"tags":[48,3429,3486,61],"class_list":["post-24588","post","type-post","status-publish","format-standard","has-post-thumbnail","hentry","category-araci","category-noticias2","category-regiao","category-saude","tag-araci","tag-coronavirus","tag-covid-19","tag-saude"],"aioseo_notices":[],"_links":{"self":[{"href":"https:\/\/www.portalalerta.com.br\/index.php\/wp-json\/wp\/v2\/posts\/24588","targetHints":{"allow":["GET"]}}],"collection":[{"href":"https:\/\/www.portalalerta.com.br\/index.php\/wp-json\/wp\/v2\/posts"}],"about":[{"href":"https:\/\/www.portalalerta.com.br\/index.php\/wp-json\/wp\/v2\/types\/post"}],"author":[{"embeddable":true,"href":"https:\/\/www.portalalerta.com.br\/index.php\/wp-json\/wp\/v2\/users\/2"}],"replies":[{"embeddable":true,"href":"https:\/\/www.portalalerta.com.br\/index.php\/wp-json\/wp\/v2\/comments?post=24588"}],"version-history":[{"count":48,"href":"https:\/\/www.portalalerta.com.br\/index.php\/wp-json\/wp\/v2\/posts\/24588\/revisions"}],"predecessor-version":[{"id":29194,"href":"https:\/\/www.portalalerta.com.br\/index.php\/wp-json\/wp\/v2\/posts\/24588\/revisions\/29194"}],"wp:featuredmedia":[{"embeddable":true,"href":"https:\/\/www.portalalerta.com.br\/index.php\/wp-json\/wp\/v2\/media\/7867"}],"wp:attachment":[{"href":"https:\/\/www.portalalerta.com.br\/index.php\/wp-json\/wp\/v2\/media?parent=24588"}],"wp:term":[{"taxonomy":"category","embeddable":true,"href":"https:\/\/www.portalalerta.com.br\/index.php\/wp-json\/wp\/v2\/categories?post=24588"},{"taxonomy":"post_tag","embeddable":true,"href":"https:\/\/www.portalalerta.com.br\/index.php\/wp-json\/wp\/v2\/tags?post=24588"}],"curies":[{"name":"wp","href":"https:\/\/api.w.org\/{rel}","templated":true}]}}