{"id":24600,"date":"2020-05-26T20:40:45","date_gmt":"2020-05-26T23:40:45","guid":{"rendered":"https:\/\/www.portalalerta.com.br\/?p=24600"},"modified":"2020-05-26T21:37:07","modified_gmt":"2020-05-27T00:37:07","slug":"araci-tem-dois-novos-casos-de-covid-19-confirmadso-numero-de-casos-chega-a-05","status":"publish","type":"post","link":"https:\/\/www.portalalerta.com.br\/index.php\/2020\/05\/26\/araci-tem-dois-novos-casos-de-covid-19-confirmadso-numero-de-casos-chega-a-05\/","title":{"rendered":"Araci tem dois novos casos de Covid-19 confirmados; n\u00famero de casos chega a 05"},"content":{"rendered":"<p style=\"text-align: justify;\">Nesta ter\u00e7a-feira (26), o munic\u00edpio de Araci-BA divulgou mais dois novos casos de Covid-19 (Coronav\u00edrus) na cidade.<!--more--><\/p>\n<p style=\"text-align: justify;\"><img fetchpriority=\"high\" decoding=\"async\" class=\"size-thumbnail wp-image-9394 alignleft\" src=\"https:\/\/www.portalalerta.com.br\/wp-content\/uploads\/2018\/07\/05elab-320x240.jpg\" alt=\"\" width=\"320\" height=\"240\" srcset=\"https:\/\/www.portalalerta.com.br\/wp-content\/uploads\/2018\/07\/05elab-320x240.jpg 320w, https:\/\/www.portalalerta.com.br\/wp-content\/uploads\/2018\/07\/05elab-195x146.jpg 195w, https:\/\/www.portalalerta.com.br\/wp-content\/uploads\/2018\/07\/05elab-50x38.jpg 50w, https:\/\/www.portalalerta.com.br\/wp-content\/uploads\/2018\/07\/05elab-100x75.jpg 100w, https:\/\/www.portalalerta.com.br\/wp-content\/uploads\/2018\/07\/05elab.jpg 400w\" sizes=\"(max-width: 320px) 100vw, 320px\" \/>Um dos casos \u00e9 de um morador da cidade, com idade entre 33 e 35 anos. O mesmo trabalhava numa empresa situada em outro munic\u00edpio, retornando a aproximadamente 15 dias atr\u00e1s, quando avisou \u00e0 vigil\u00e2ncia epidemiol\u00f3gica da secretaria de Sa\u00fade, ficando em isolamento domiciliar. Ap\u00f3s apresentar os sintomas, teve seu exame coletado e enviado para an\u00e1lise do Lacen, com resultado positivo sendo confirmado nesta ter\u00e7a-feira. Ele continua em isolamento domiciliar.<\/p>\n<p style=\"text-align: justify;\">J\u00e1 o outro paciente se refere a um jovem que trabalha numa cidade vizinha, mas mora no munic\u00edpio. Na ocasi\u00e3o, n\u00e3o foi informado onde o paciente realizou os exames.<\/p>\n<h1 style=\"text-align: justify;\"><a href=\"https:\/\/www.portalalerta.com.br\/index.php\/2020\/05\/26\/saiba-como-esta-a-evolucao-do-covid-19-em-araci-ba\/\">Saiba como est\u00e1 a evolu\u00e7\u00e3o do Covid-19 em Araci-BA<\/a><\/h1>\n<p style=\"text-align: justify;\"><em>Reda\u00e7\u00e3o: Portal Alerta<\/em><\/p>\n<p style=\"text-align: justify;\"><strong><em>#fiqueemcasa<\/em><\/strong><\/p>\n","protected":false},"excerpt":{"rendered":"<p>Nesta ter\u00e7a-feira (26), o munic\u00edpio de Araci-BA divulgou mais dois novos casos de Covid-19 (Coronav\u00edrus) na cidade.<\/p>\n","protected":false},"author":2,"featured_media":22081,"comment_status":"open","ping_status":"open","sticky":false,"template":"","format":"standard","meta":{"om_disable_all_campaigns":false,"_monsterinsights_skip_tracking":false,"_monsterinsights_sitenote_active":false,"_monsterinsights_sitenote_note":"","_monsterinsights_sitenote_category":0,"footnotes":""},"categories":[41,70,69,32,19],"tags":[48,3429,3486,61],"class_list":["post-24600","post","type-post","status-publish","format-standard","has-post-thumbnail","hentry","category-araci","category-destaques","category-noticias2","category-regiao","category-saude","tag-araci","tag-coronavirus","tag-covid-19","tag-saude"],"aioseo_notices":[],"_links":{"self":[{"href":"https:\/\/www.portalalerta.com.br\/index.php\/wp-json\/wp\/v2\/posts\/24600","targetHints":{"allow":["GET"]}}],"collection":[{"href":"https:\/\/www.portalalerta.com.br\/index.php\/wp-json\/wp\/v2\/posts"}],"about":[{"href":"https:\/\/www.portalalerta.com.br\/index.php\/wp-json\/wp\/v2\/types\/post"}],"author":[{"embeddable":true,"href":"https:\/\/www.portalalerta.com.br\/index.php\/wp-json\/wp\/v2\/users\/2"}],"replies":[{"embeddable":true,"href":"https:\/\/www.portalalerta.com.br\/index.php\/wp-json\/wp\/v2\/comments?post=24600"}],"version-history":[{"count":2,"href":"https:\/\/www.portalalerta.com.br\/index.php\/wp-json\/wp\/v2\/posts\/24600\/revisions"}],"predecessor-version":[{"id":24607,"href":"https:\/\/www.portalalerta.com.br\/index.php\/wp-json\/wp\/v2\/posts\/24600\/revisions\/24607"}],"wp:featuredmedia":[{"embeddable":true,"href":"https:\/\/www.portalalerta.com.br\/index.php\/wp-json\/wp\/v2\/media\/22081"}],"wp:attachment":[{"href":"https:\/\/www.portalalerta.com.br\/index.php\/wp-json\/wp\/v2\/media?parent=24600"}],"wp:term":[{"taxonomy":"category","embeddable":true,"href":"https:\/\/www.portalalerta.com.br\/index.php\/wp-json\/wp\/v2\/categories?post=24600"},{"taxonomy":"post_tag","embeddable":true,"href":"https:\/\/www.portalalerta.com.br\/index.php\/wp-json\/wp\/v2\/tags?post=24600"}],"curies":[{"name":"wp","href":"https:\/\/api.w.org\/{rel}","templated":true}]}}