{"id":24602,"date":"2020-05-26T20:46:26","date_gmt":"2020-05-26T23:46:26","guid":{"rendered":"https:\/\/www.portalalerta.com.br\/?p=24602"},"modified":"2020-05-26T20:46:26","modified_gmt":"2020-05-26T23:46:26","slug":"ministro-do-stj-autoriza-e-pf-apreende-computadores-e-celulares-de-witzel","status":"publish","type":"post","link":"https:\/\/www.portalalerta.com.br\/index.php\/2020\/05\/26\/ministro-do-stj-autoriza-e-pf-apreende-computadores-e-celulares-de-witzel\/","title":{"rendered":"Ministro do STJ autoriza e PF apreende computadores e celulares de Witzel"},"content":{"rendered":"<p style=\"background: white; margin: 0cm 0cm 22.5pt; text-align: justify;\"><span style=\"font-size: 10.5pt; font-family: 'Arial',sans-serif; color: #010101;\">O ministro Benedito Gon\u00e7alves, do Superior Tribunal de Justi\u00e7a, autorizou que, no \u00e2mbito da Opera\u00e7\u00e3o Placebo \u2013 investiga\u00e7\u00e3o sobre supostos desvios de recursos p\u00fablicos destinados ao atendimento do estado de emerg\u00eancia de sa\u00fade p\u00fablica do novo coronav\u00edrus no Rio \u2013 a Pol\u00edcia Federal apreendesse \u2018equipamentos eletr\u00f4nicos de qualquer esp\u00e9cie\u2019 dos investigados, entre eles o governador Wilson Witzel.<\/span><!--more--><\/p>\n<p style=\"background: white; box-sizing: border-box; font-size: inherit; color: inherit; margin: 0cm 0cm 22.5pt; text-align: justify;\"><span style=\"font-size: 10.5pt; font-family: 'Arial',sans-serif; color: #010101;\">As m\u00eddias descritas na decis\u00e3o datada de 21 de maio incluem pendrives, notebooks, HDs e smartphones tendo a PF recolhido tr\u00eas computadores e tr\u00eas celulares na resid\u00eancia do governador na manh\u00e3 desta ter\u00e7a-feira, 26.<\/span><\/p>\n<p style=\"background: white; box-sizing: border-box; font-size: inherit; color: inherit; margin: 0cm 0cm 22.5pt; text-align: justify;\"><span style=\"font-size: 10.5pt; font-family: 'Arial',sans-serif; color: #010101;\">Ao todo 12 buscas foram realizadas por equipes da PF na manh\u00e3 desta ter\u00e7a. Entre os alvos estavam o Pal\u00e1cio Laranjeiras, resid\u00eancia oficial do governador Wilson Witzel, o Pal\u00e1cio da Guanabara e sede oficial do Executivo fluminense. Tamb\u00e9m foram vasculhados o escrit\u00f3rio de advocacia da primeira dama Helena Witzel e ainda uma casa em que o mandat\u00e1rio morava antes de assumir o governo Rio, no Graja\u00fa, zona norte.<\/span><\/p>\n<p style=\"background: white; box-sizing: border-box; font-size: inherit; color: inherit; margin: 0cm 0cm 22.5pt; text-align: justify;\"><span style=\"font-size: 10.5pt; font-family: 'Arial',sans-serif; color: #010101;\">Questionado sobre as buscas no Pal\u00e1cio das Laranjeiras na frente do Pal\u00e1cio do Alvorada, o presidente Jair Bolsonaro afirmou com um sorriso no rosto: \u201cParab\u00e9ns para Pol\u00edcia Federal\u201d. Witzel considerou que a opera\u00e7\u00e3o comprova a interfer\u00eancia do presidente Jair Bolsonaro no \u00f3rg\u00e3o. \u201cA interfer\u00eancia anunciada pelo presidente da Rep\u00fablica est\u00e1 devidamente oficializada\u201d, disse em nota.<\/span><\/p>\n<p style=\"background: white; box-sizing: border-box; font-size: inherit; color: inherit; margin: 0cm 0cm 22.5pt; text-align: justify;\"><span style=\"font-size: 10.5pt; font-family: 'Arial',sans-serif; color: #010101;\"><img fetchpriority=\"high\" decoding=\"async\" class=\"size-thumbnail wp-image-4869 aligncenter\" src=\"https:\/\/www.portalalerta.com.br\/wp-content\/uploads\/2018\/02\/Auto-Escola-Nobre-720x181.jpg\" alt=\"\" width=\"720\" height=\"181\" srcset=\"https:\/\/www.portalalerta.com.br\/wp-content\/uploads\/2018\/02\/Auto-Escola-Nobre.jpg 720w, https:\/\/www.portalalerta.com.br\/wp-content\/uploads\/2018\/02\/Auto-Escola-Nobre-260x65.jpg 260w, https:\/\/www.portalalerta.com.br\/wp-content\/uploads\/2018\/02\/Auto-Escola-Nobre-50x13.jpg 50w, https:\/\/www.portalalerta.com.br\/wp-content\/uploads\/2018\/02\/Auto-Escola-Nobre-150x38.jpg 150w\" sizes=\"(max-width: 720px) 100vw, 720px\" \/>Na decis\u00e3o que determinou a abertura da opera\u00e7\u00e3o, Benjamin registrou que provas compartilhadas pelo Minist\u00e9rio P\u00fablico do Estado e do Minist\u00e9rio P\u00fablico Federal no Rio apresentam \u2018elementos que, em ju\u00edzo de cogni\u00e7\u00e3o limitada e superficial, propiciam convic\u00e7\u00e3o quanto a ind\u00edcios veementes de autoria e materialidade\u2019. Tanto a promotoria quanto a procuradoria realizaram opera\u00e7\u00f5es para apurar desvios na Sa\u00fade no Rio nas \u00faltimas semanas.<\/span><\/p>\n<p style=\"background: white; box-sizing: border-box; font-size: inherit; color: inherit; margin: 0cm 0cm 22.5pt; text-align: justify;\"><span style=\"font-size: 10.5pt; font-family: 'Arial',sans-serif; color: #010101;\">Segundo o magistrado, as ordens de busca e apreens\u00e3o se mostravam imprescind\u00edveis para assegurar a preserva\u00e7\u00e3o de elementos comprobat\u00f3rios de materialidade e autoria. \u201c\u00c9 necess\u00e1rio que se obtenha o material relacionado \u00e0 pr\u00e1tica de crime especialmente anota\u00e7\u00f5es, arquivos de computador, contratos, agendas de telefone, eletr\u00f4nicos que arquivem dados, comprovantes de pagamentos ou de dep\u00f3sitos e m\u00eddias, sem preju\u00edzo de qualquer outra prova de cometimento de crime\u201d.<\/span><\/p>\n<p style=\"background: white; box-sizing: border-box; font-size: inherit; color: inherit; margin: 0cm 0cm 22.5pt; text-align: justify;\"><span style=\"font-size: 10.5pt; font-family: 'Arial',sans-serif; color: #010101;\">Na decis\u00e3o, Benjamin anotou ainda que a investiga\u00e7\u00e3o trata de \u2018supostos il\u00edcitos cometidos por alguns investigados com conhecimento jur\u00eddico, cuja obten\u00e7\u00e3o de prova torna-se bastante dif\u00edcil\u2019. Witzel \u00e9 ex-juiz federal e sua esposa, advogada.<\/span><\/p>\n<p style=\"background: white; box-sizing: border-box; font-size: inherit; color: inherit; margin: 0cm 0cm 22.5pt; text-align: justify;\"><span style=\"font-size: 10.5pt; font-family: 'Arial',sans-serif; color: #010101;\">A lista de objetos autorizados para apreens\u00e3o tamb\u00e9m incluiu: documentos eletr\u00f4nicos e f\u00edsicos indicativos de associa\u00e7\u00e3o entre investigados, como agendas, procura\u00e7\u00f5es, alvar\u00e1s e rascunhos; documentos indicativos de corrup\u00e7\u00e3o, como contratos de presta\u00e7\u00e3o de servi\u00e7os, notas fiscais, planilhas de custos contabilizados, recibos, comprovantes de dep\u00f3sito ou transfer\u00eancia; e documentos indicativos de oculta\u00e7\u00e3o de bens, como procura\u00e7\u00f5es, contratos de promessa e de compra e de venda de bens e etc.<\/span><\/p>\n<p style=\"background: white; box-sizing: border-box; font-size: inherit; color: inherit; margin: 0cm 0cm 22.5pt; text-align: justify;\"><span style=\"font-size: 10.5pt; font-family: 'Arial',sans-serif; color: #010101;\">A decis\u00e3o de Benjamin tamb\u00e9m autorizou que a Pol\u00edcia Federal adotasse \u2018medidas necess\u00e1rias para verificar a exist\u00eancia de eventuais c\u00f4modos secretos ou salas reservadas em quaisquer dos endere\u00e7os diligenciados.<\/span><\/p>\n<p style=\"background: white; box-sizing: border-box; font-size: inherit; color: inherit; margin: 0cm 0cm 22.5pt; text-align: justify;\"><span style=\"font-size: 10.5pt; font-family: 'Arial',sans-serif; color: #010101;\">\u00a0<\/span><em><span style=\"font-size: 10.5pt; font-family: 'Arial',sans-serif; color: #010101;\">Fonte: Canabrava FM<\/span><\/em><\/p>\n<p style=\"background: white; margin: 0cm 0cm 22.5pt; text-align: justify;\"><em><span style=\"font-size: 10.5pt; font-family: 'Arial',sans-serif; color: #010101;\">Com informa\u00e7\u00f5es: Agencia Brasil<\/span><\/em><\/p>\n","protected":false},"excerpt":{"rendered":"<p>O ministro Benedito Gon\u00e7alves, do Superior Tribunal de Justi\u00e7a, autorizou que, no \u00e2mbito da Opera\u00e7\u00e3o Placebo \u2013 investiga\u00e7\u00e3o sobre supostos desvios de recursos p\u00fablicos destinados ao atendimento do estado de emerg\u00eancia de sa\u00fade p\u00fablica do novo coronav\u00edrus no Rio \u2013 a Pol\u00edcia Federal apreendesse \u2018equipamentos eletr\u00f4nicos de qualquer esp\u00e9cie\u2019 dos investigados, entre eles o governador &hellip;<\/p>\n","protected":false},"author":2,"featured_media":24603,"comment_status":"open","ping_status":"open","sticky":false,"template":"","format":"standard","meta":{"om_disable_all_campaigns":false,"_monsterinsights_skip_tracking":false,"_monsterinsights_sitenote_active":false,"_monsterinsights_sitenote_note":"","_monsterinsights_sitenote_category":0,"footnotes":""},"categories":[34,70,69,21,19],"tags":[93,283,298,173,61,1764],"class_list":["post-24602","post","type-post","status-publish","format-standard","has-post-thumbnail","hentry","category-brasil","category-destaques","category-noticias2","category-politica","category-saude","tag-brasil","tag-governador","tag-investigacao","tag-policia-federal","tag-saude","tag-wilson-witzel"],"aioseo_notices":[],"_links":{"self":[{"href":"https:\/\/www.portalalerta.com.br\/index.php\/wp-json\/wp\/v2\/posts\/24602","targetHints":{"allow":["GET"]}}],"collection":[{"href":"https:\/\/www.portalalerta.com.br\/index.php\/wp-json\/wp\/v2\/posts"}],"about":[{"href":"https:\/\/www.portalalerta.com.br\/index.php\/wp-json\/wp\/v2\/types\/post"}],"author":[{"embeddable":true,"href":"https:\/\/www.portalalerta.com.br\/index.php\/wp-json\/wp\/v2\/users\/2"}],"replies":[{"embeddable":true,"href":"https:\/\/www.portalalerta.com.br\/index.php\/wp-json\/wp\/v2\/comments?post=24602"}],"version-history":[{"count":1,"href":"https:\/\/www.portalalerta.com.br\/index.php\/wp-json\/wp\/v2\/posts\/24602\/revisions"}],"predecessor-version":[{"id":24604,"href":"https:\/\/www.portalalerta.com.br\/index.php\/wp-json\/wp\/v2\/posts\/24602\/revisions\/24604"}],"wp:featuredmedia":[{"embeddable":true,"href":"https:\/\/www.portalalerta.com.br\/index.php\/wp-json\/wp\/v2\/media\/24603"}],"wp:attachment":[{"href":"https:\/\/www.portalalerta.com.br\/index.php\/wp-json\/wp\/v2\/media?parent=24602"}],"wp:term":[{"taxonomy":"category","embeddable":true,"href":"https:\/\/www.portalalerta.com.br\/index.php\/wp-json\/wp\/v2\/categories?post=24602"},{"taxonomy":"post_tag","embeddable":true,"href":"https:\/\/www.portalalerta.com.br\/index.php\/wp-json\/wp\/v2\/tags?post=24602"}],"curies":[{"name":"wp","href":"https:\/\/api.w.org\/{rel}","templated":true}]}}