{"id":24605,"date":"2020-05-26T20:53:34","date_gmt":"2020-05-26T23:53:34","guid":{"rendered":"https:\/\/www.portalalerta.com.br\/?p=24605"},"modified":"2020-05-26T20:53:34","modified_gmt":"2020-05-26T23:53:34","slug":"paripiranga-ba-divulga-o-terceiro-caso-de-covid-19","status":"publish","type":"post","link":"https:\/\/www.portalalerta.com.br\/index.php\/2020\/05\/26\/paripiranga-ba-divulga-o-terceiro-caso-de-covid-19\/","title":{"rendered":"Paripiranga-BA divulga o terceiro caso de Covid-19"},"content":{"rendered":"<p style=\"text-align: justify;\">Na \u00faltima segunda-feira, 25, o munic\u00edpio de Paripiranga confirmou o terceiro caso de Covid-19 (Coronav\u00edrus). O paciente reside na localidade da Ro\u00e7a Nova, por\u00e9m \u00e9 rec\u00e9m chegado do munic\u00edpio de Praia Grande, litoral paulista, e est\u00e1 assintom\u00e1tico \u00a0em isolamento domiciliar.<!--more--><\/p>\n<p style=\"text-align: justify;\"><img fetchpriority=\"high\" decoding=\"async\" class=\"size-thumbnail wp-image-23589 aligncenter\" src=\"https:\/\/www.portalalerta.com.br\/wp-content\/uploads\/2020\/04\/real-acordo-720x93.jpg\" alt=\"\" width=\"720\" height=\"93\" \/>Os outros dois casos do munic\u00edpio s\u00e3o referentes a uma mulher, que reside na zona urbana e j\u00e1 est\u00e1 curada, e o de uma pessoa que tamb\u00e9m veio de outro estado, est\u00e1 sem sintomas e segue em isolamento e sendo monitorada.<\/p>\n<h1 style=\"text-align: justify;\"><a href=\"https:\/\/www.portalalerta.com.br\/index.php\/2020\/05\/26\/saiba-como-esta-a-evolucao-do-covid-19-em-paripiranga-ba\/\">Saiba como est\u00e1 a evolu\u00e7\u00e3o do Covid-19 em Paripiranga-BA<\/a><\/h1>\n<p style=\"text-align: justify;\"><em><strong>Fonte: Sert\u00e3o em Pauta <\/strong><\/em><\/p>\n","protected":false},"excerpt":{"rendered":"<p>Na \u00faltima segunda-feira, 25, o munic\u00edpio de Paripiranga confirmou o terceiro caso de Covid-19 (Coronav\u00edrus). O paciente reside na localidade da Ro\u00e7a Nova, por\u00e9m \u00e9 rec\u00e9m chegado do munic\u00edpio de Praia Grande, litoral paulista, e est\u00e1 assintom\u00e1tico \u00a0em isolamento domiciliar.<\/p>\n","protected":false},"author":2,"featured_media":22317,"comment_status":"open","ping_status":"open","sticky":false,"template":"","format":"standard","meta":{"om_disable_all_campaigns":false,"_monsterinsights_skip_tracking":false,"_monsterinsights_sitenote_active":false,"_monsterinsights_sitenote_note":"","_monsterinsights_sitenote_category":0,"footnotes":""},"categories":[70,69,11,32,19],"tags":[3429,3486,51,61],"class_list":["post-24605","post","type-post","status-publish","format-standard","has-post-thumbnail","hentry","category-destaques","category-noticias2","category-paripiranga","category-regiao","category-saude","tag-coronavirus","tag-covid-19","tag-paripiranga","tag-saude"],"aioseo_notices":[],"_links":{"self":[{"href":"https:\/\/www.portalalerta.com.br\/index.php\/wp-json\/wp\/v2\/posts\/24605","targetHints":{"allow":["GET"]}}],"collection":[{"href":"https:\/\/www.portalalerta.com.br\/index.php\/wp-json\/wp\/v2\/posts"}],"about":[{"href":"https:\/\/www.portalalerta.com.br\/index.php\/wp-json\/wp\/v2\/types\/post"}],"author":[{"embeddable":true,"href":"https:\/\/www.portalalerta.com.br\/index.php\/wp-json\/wp\/v2\/users\/2"}],"replies":[{"embeddable":true,"href":"https:\/\/www.portalalerta.com.br\/index.php\/wp-json\/wp\/v2\/comments?post=24605"}],"version-history":[{"count":1,"href":"https:\/\/www.portalalerta.com.br\/index.php\/wp-json\/wp\/v2\/posts\/24605\/revisions"}],"predecessor-version":[{"id":24606,"href":"https:\/\/www.portalalerta.com.br\/index.php\/wp-json\/wp\/v2\/posts\/24605\/revisions\/24606"}],"wp:featuredmedia":[{"embeddable":true,"href":"https:\/\/www.portalalerta.com.br\/index.php\/wp-json\/wp\/v2\/media\/22317"}],"wp:attachment":[{"href":"https:\/\/www.portalalerta.com.br\/index.php\/wp-json\/wp\/v2\/media?parent=24605"}],"wp:term":[{"taxonomy":"category","embeddable":true,"href":"https:\/\/www.portalalerta.com.br\/index.php\/wp-json\/wp\/v2\/categories?post=24605"},{"taxonomy":"post_tag","embeddable":true,"href":"https:\/\/www.portalalerta.com.br\/index.php\/wp-json\/wp\/v2\/tags?post=24605"}],"curies":[{"name":"wp","href":"https:\/\/api.w.org\/{rel}","templated":true}]}}